{"id":4490,"date":"2022-03-30T22:52:00","date_gmt":"2022-03-30T20:52:00","guid":{"rendered":"https:\/\/focolares.es\/?p=4490"},"modified":"2026-04-17T21:54:24","modified_gmt":"2026-04-17T19:54:24","slug":"informe-de-investigacion-independente-de-gcps-consulting","status":"publish","type":"post","link":"https:\/\/focolares.es\/gl\/informe-de-la-investigacion-independiente-de-gcps-consulting\/","title":{"rendered":"GCPS Consulting Informe de investigaci\u00f3n independente"},"content":{"rendered":"<p><strong>Margaret Karram<\/strong><em>:&nbsp;<\/em>&quot;Comprom\u00e9tome en nome do<em>&nbsp;Movemento dos Focolares<\/em>&nbsp;responder con actuaci\u00f3ns, escoita, acollida e medidas de prevenci\u00f3n \u00e1s recomendaci\u00f3ns finais formuladas pola investigaci\u00f3n independente&quot;.<\/p>\n\n\n\n<p>El&nbsp;<em>Movemento dos Focolares<\/em>&nbsp;comunica os resultados da investigaci\u00f3n realizada por un organismo externo e independente sobre os casos de abusos sexuais nos que participaron JMM, antigo membro establecido da&nbsp;<em>Movemento dos Focolares<\/em>&nbsp;en Francia.<\/p>\n\n\n\n<p>A investigaci\u00f3n foi encargada o 23 de decembro de 2020 pola\u00a0<em>Focolares<\/em>\u00a0\u00e1 empresa brit\u00e1nica\u00a0<a href=\"https:\/\/inquiry.gcps.consulting\/index.html\" target=\"_blank\" rel=\"noreferrer noopener\"><em>Consultor\u00eda GCPS<\/em><\/a>, un organismo independente cuxa misi\u00f3n sempre foi axudar \u00e1s instituci\u00f3ns a mellorar os seus sistemas de prevenci\u00f3n e denuncia de abusos. Para garantir a integridade, calidade e fiabilidade do proceso de investigaci\u00f3n e dos seus resultados, o\u00a0<em>Movemento dos Focolares<\/em>\u00a0tam\u00e9n nomeado\u00a0<strong>Alain Christnacht<\/strong>, antigo alto funcionario franc\u00e9s, como supervisor independente, sen conexi\u00f3n co\u00a0<em>Movemento<\/em>.<\/p>\n\n\n\n<p>A petici\u00f3n das v\u00edtimas, o&nbsp;<em>Movemento dos Focolares<\/em>&nbsp;confiou a investigaci\u00f3n a unha comisi\u00f3n independente co mesmo esp\u00edrito que a&nbsp;<em>Conferencia Episcopal Francesa<\/em>&nbsp;que en febreiro de 2019 encomendara ao&nbsp;<em>CLASE<\/em>&nbsp;(<em>Comisi\u00f3n Independente de Abuso Sexual<\/em>] realizar unha investigaci\u00f3n sobre toda a Igrexa cat\u00f3lica francesa co \u00fanico obxectivo de situar \u00e1s v\u00edtimas no centro das prioridades e do traballo de investigaci\u00f3n.<\/p>\n\n\n\n<p>O organismo independente recibiu testemu\u00f1os que abranguen o per\u00edodo 1958-2020, que mostran claramente que JMM \u00e9 responsable de abusos a varios niveis contra polo menos 26 v\u00edtimas.<\/p>\n\n\n\n<p><em>Consultor\u00eda GCPS<\/em>&nbsp;resume o traballo realizado para a enquisa do seguinte xeito:<\/p>\n\n\n\n<p>\u201cEscoitar \u00e1s v\u00edtimas foi unha das principais tarefas, ademais de un reto, do proceso, para as v\u00edtimas e para o equipo de investigaci\u00f3n, pero \u00e9 o elemento m\u00e1is importante.<\/p>\n\n\n\n<p>O informe describe os acontecementos ao longo de cinco d\u00e9cadas nos que JMM abusou sexualmente ou intentou abusar das s\u00faas v\u00edtimas, principalmente mozos adolescentes, describindo o seu&nbsp;<em>modus operandi<\/em>&nbsp;e tam\u00e9n o contexto no que se produciron os abusos. A investigaci\u00f3n escoitou a outras v\u00edtimas de abuso, algunhas formas de abuso sexual e outras formas de abuso, a un n\u00famero importante de v\u00edtimas e testemu\u00f1as.<\/p>\n\n\n\n<p>O informe tam\u00e9n destaca que os malos tratos foron xeneralizados e non foron abordados, mesmo cando foron denunciados aos responsables e en postos de responsabilidade. Ped\u00eduselle \u00e1 Investigaci\u00f3n que examinase o nivel de conciencia destes feitos entre os responsables daquela e posteriormente, e que valorase como se trataron. O informe detalla que as queixas non foron atendidas adecuadamente, as v\u00edtimas non foron escoitadas, as v\u00edtimas non foron tratadas adecuadamente e perd\u00e9ronse oportunidades para responder aos abusos de JMM e evitar incidentes posteriores.<\/p>\n\n\n\n<p>Por \u00faltimo, o informe describe en detalle como&nbsp;<em>Movemento dos Focolares<\/em>desenvolveu m\u00e1is recentemente medidas de protecci\u00f3n e fai unha serie de recomendaci\u00f3ns dirixidas a fortalecer o ambiente de salvagarda, inclu\u00eddas as relacionadas con cambios fundamentais nos niveis culturais e de liderado\u201d.<\/p>\n\n\n\n<p>Despois de examinar o informe&nbsp;<strong>Margaret Karram<\/strong>, Presidente da&nbsp;<em>Movemento dos Focolares<\/em>, dixo: &quot;Non hai palabras adecuadas para expresar o conmoci\u00f3n e a dor que sinto polo dano que JMM causou a nenos e adolescentes e, debo dicilo con moita pena, non s\u00f3 para el, como mostran os resultados da investigaci\u00f3n&quot;.<\/p>\n\n\n\n<p>Dirix\u00edndose \u00e1s v\u00edtimas engadiu:<\/p>\n\n\n\n<p>\u201cNeste momento, todos os meus pensamentos e palabras van para v\u00f3s, que sufristes un crime moi grave que en moitos casos estragou a vosa vida.<\/p>\n\n\n\n<p><strong>A CADA UN DE V\u00d3S, A CADA UN PERSOAL,<\/strong><\/p>\n\n\n\n<p><strong>XUNTO CO COPRESIDENTE XES\u00daS MOR\u00c1N,<\/strong><\/p>\n\n\n\n<p><strong>E EN NOME DO MOVEMENTO FOCOLARI,<\/strong><\/p>\n\n\n\n<p><strong>PIDO HUMILDEMENTE O TEU PERD\u00d3N.<\/strong><\/p>\n\n\n\n<p>Hai que reco\u00f1ecer que, a pesar do bo que o&nbsp;<em>Movemento&nbsp;<\/em>fixo ao longo da s\u00faa historia, neste \u00e1mbito fallamos no seguimento, escoita e aceptaci\u00f3n do berro de auxilio de moitos: isto xa non pode volver ocorrer e est\u00e1 en total contradici\u00f3n cos valores que&nbsp;<em>Movemento dos Focolares<\/em>, coa s\u00faa espiritualidade cristi\u00e1, est\u00e1 chamado a vivir.<\/p>\n\n\n\n<p>Comprom\u00e9tome, en nome do&nbsp;<em>Movemento dos Focolares<\/em>, para responder con actuaci\u00f3ns, escoita, acollida e medidas de prevenci\u00f3n, \u00e1s recomendaci\u00f3ns finais formuladas pola investigaci\u00f3n independente&quot;.<\/p>\n\n\n\n<p>El\u00a0<em>Movemento dos Focolares<\/em>\u00a0est\u00e1 m\u00e1is decidido que nunca a garantir que as s\u00faas comunidades en todo o mundo sexan lugares seguros e mutuamente enriquecedores. Como a investigaci\u00f3n do\u00a0<a href=\"https:\/\/gcps.consulting\/\" target=\"_blank\" rel=\"noreferrer noopener\"><em>GCPS<\/em><\/a>, en 2011 o\u00a0<em>Movemento<\/em>\u00a0iniciou unha avaliaci\u00f3n exhaustiva das medidas para previr os abusos e protexer as persoas. Medidas que foron revisadas en 2014 e 2020 e que se actualizar\u00e1n despois dun estudo en profundidade dos resultados desta investigaci\u00f3n.<\/p>\n\n\n\n<p>El&nbsp;<em>Movemento dos Focolares<\/em>&nbsp;informou a&nbsp;<em>Conferencia Episcopal Francesa<\/em>&nbsp;e a&nbsp;<em>Dicasterio de Laicos, Familia e Vida<\/em>&nbsp;da publicaci\u00f3n do informe.<\/p>\n\n\n\n<p>A principal preocupaci\u00f3n da&nbsp;<em>Movemento<\/em>&nbsp;\u00e9 contribu\u00edr na medida do posible ao proceso de reconstruci\u00f3n das v\u00edtimas, inclu\u00edda a compensaci\u00f3n econ\u00f3mica se fose necesario e requirido. Por iso, por recomendaci\u00f3n da Igrexa en Francia, o&nbsp;<em>Movemento dos Focolares<\/em>&nbsp;solicitou o&nbsp;<em>Comisi\u00f3n independente de reco\u00f1ecemento e reparaci\u00f3n<\/em>&nbsp;(<em>CRR<\/em>), un \u00f3rgano multidisciplinar composto por expertos da sociedade civil e establecido pola&nbsp;<em>CORREF<\/em>&nbsp;(<em>Conferencia de Relixi\u00f3ns e Religieuses de Francia<\/em>) para acompa\u00f1ar \u00e1s v\u00edtimas que as\u00ed o desexen no seu proceso de reparaci\u00f3n. A partir de agora, as v\u00edtimas poden contactar con esta organizaci\u00f3n.<\/p>\n\n\n\n<p>Correo electr\u00f3nico:\u00a0<a href=\"mailto:victimes@crr.contact\" target=\"_blank\" rel=\"noreferrer noopener\">victimes@crr.contact<\/a>\u00a0\u2013 Tel\u00e9fono: 09 73 88 25 71<\/p>\n\n\n\n<p>P\u00e1xina web:\u00a0<a href=\"https:\/\/www.reconnaissancereparation.org\/\" target=\"_blank\" rel=\"noreferrer noopener\">https:\/\/www.reconnaissancereparation.org<\/a><\/p>\n\n\n\n<p>Para manter o compromiso adquirido coas v\u00edtimas de JMM, o&nbsp;<em>Movemento<\/em>, dende hai varios meses, ten activado un procedemento de apoio psicol\u00f3xico coordinado polo Dr.&nbsp;<strong>Alexis Vancappel<\/strong>. Este procedemento continuar\u00e1 para as v\u00edtimas que xa utilizaran este servizo.<\/p>\n\n\n\n<p>El&nbsp;<em>Movemento dos Focolares<\/em>&nbsp;informa que nas pr\u00f3ximas semanas dar\u00e1 a co\u00f1ecer as acci\u00f3ns e medidas que pretende po\u00f1er en marcha para dar resposta \u00e1s recomendaci\u00f3ns expresadas no informe.<\/p>\n\n\n\n<p>Os resultados da investigaci\u00f3n publ\u00edcanse \u00edntegramente e son accesibles para todos nos sitios web de&nbsp;<a href=\"https:\/\/inquiry.gcps.consulting\/report.html\" target=\"_blank\" rel=\"noreferrer noopener\"><em>Consultor\u00eda GCPS<\/em><\/a>&nbsp;e no&nbsp;<a href=\"https:\/\/focolari.fr\/\" target=\"_blank\" rel=\"noreferrer noopener\">P\u00e1xina francesa<\/a>&nbsp;e&nbsp;<a href=\"https:\/\/www.focolare.org\/news\/2022\/03\/29\/il-movimento-dei-focolari-pubblica-i-risultati-di-uninchiesta-indipendente-sui-casi-di-abuso-di-un-ex-membro-consacrato-in-francia\/\" target=\"_blank\" rel=\"noreferrer noopener\">Internacional do Movemento dos Focolares<\/a>. A investigaci\u00f3n est\u00e1 dispo\u00f1ible actualmente en ingl\u00e9s, franc\u00e9s e italiano; M\u00e1is adiante engadiranse alem\u00e1n, espa\u00f1ol e portugu\u00e9s.<\/p>\n\n\n\n<p><em>Stefania Tanesini<\/em><\/p>\n\n\n\n<p><a href=\"https:\/\/eyut279xk3q.exactdn.com\/wp-content\/uploads\/2022\/03\/37133-SPA-1-JMM-Inquiry-Report.pdf\" target=\"_blank\" rel=\"noreferrer noopener\">Investigaci\u00f3n independente (texto completo)<\/a><\/p>\n\n\n\n<p><a href=\"https:\/\/eyut279xk3q.exactdn.com\/wp-content\/uploads\/2022\/03\/37133-SPA-2-Relazione-Supervisore.pdf\" target=\"_blank\" rel=\"noreferrer noopener\">Informe do supervisor Alain Christnacht<\/a><\/p>\n\n\n\n<p><a href=\"https:\/\/eyut279xk3q.exactdn.com\/wp-content\/uploads\/2022\/03\/PRS-CP-20220329-SP_Carta-de-la-Presidenta-de-los-Focolares-y-del-Copresidente-a-los-miembros-del-Movimiento-de-los-Focolares-en-Francia.pdf\">Carta do presidente e copresidente do Movemento dos Focolares aos membros do Movemento dos Focolares en Francia<\/a><\/p>\n\n\n\n<p>********************<\/p>\n\n\n\n<p>En Espa\u00f1a hai un&nbsp;<a href=\"https:\/\/www.focolare.org\/espana\/es\/proteccion-y-bienestar-del-menor-2\/\"><em>Comisi\u00f3n Estatal&nbsp;<\/em><\/a>que traballa en estreito contacto co&nbsp;<a href=\"https:\/\/www.focolare.org\/es\/bienestar-y-proteccion-de-los-menores-de-edad-y-de-las-personas-vulnerables\/\" target=\"_blank\" rel=\"noreferrer noopener\"><em>Comisi\u00f3n Central de Benestar e Protecci\u00f3n de Menores e Persoas Vulnerables<\/em>&nbsp;<\/a>(<em>COBETU<\/em>) do&nbsp;<em>Movemento dos Focolares<\/em>. Son funci\u00f3ns desta Comisi\u00f3n Estatal:<\/p>\n\n\n\n<ul class=\"wp-block-list\">\n<li>Formaci\u00f3n para todos aqueles que realizan actividades con menores dentro do movemento dos Focolares.<\/li>\n\n\n\n<li>Desenvolvemento do procedemento interno cando se reciba denuncia de abuso e o imputado non sexa focolarino (realizado directamente pola Comisi\u00f3n Internacional).<\/li>\n\n\n\n<li>Estar dispo\u00f1ible para aqueles que sufriron abusos.<\/li>\n<\/ul>\n\n\n\n<p>Datos de contacto do\u00a0<em>Comisi\u00f3n Estatal<\/em>:\u00a0<a href=\"mailto:protecciondelmenor@focolares.org\" target=\"_blank\" rel=\"noreferrer noopener\">protecciondelmenor@focolares.org<\/a>\u00a0\u2013 628857657<\/p>","protected":false},"excerpt":{"rendered":"<p>Margaret Karram: &quot;En nome do Movemento dos Focolares, comprom\u00e9tome a responder con acci\u00f3ns, escoita, acollida e medidas preventivas \u00e1s recomendaci\u00f3ns finais da investigaci\u00f3n independente&quot;. O Movemento dos Focolares anuncia os resultados dunha investigaci\u00f3n realizada por un organismo independente e externo sobre os casos de abusos sexuais que involucran a JMM, un antigo membro distinguido do Movemento dos Focolares en Francia. A investigaci\u00f3n foi encargada o 23 de decembro de 2020 polo movemento dos Focolares \u00e1 firma brit\u00e1nica GCPS Consulting, unha organizaci\u00f3n independente cuxa misi\u00f3n sempre foi axudar \u00e1s instituci\u00f3ns a mellorar os seus sistemas de prevenci\u00f3n e denuncia de abusos. Para garantir a integridade, calidade e fiabilidade do proceso de investigaci\u00f3n e dos seus resultados, o Movemento dos Focolares tam\u00e9n nomeou a Alain Christnacht, un antigo alto funcionario franc\u00e9s, como monitor independente, sen v\u00ednculos co Movemento. A petici\u00f3n das v\u00edtimas, o Movemento dos Focolares encomendou a investigaci\u00f3n a unha comisi\u00f3n independente co mesmo esp\u00edrito que a Conferencia Episcopal Francesa, que en febreiro de 2019 encomendou a CIASE (Comisi\u00f3n Independiente sobre Abusos Sexuais) a realizaci\u00f3n dunha investigaci\u00f3n sobre toda a Igrexa cat\u00f3lica francesa co \u00fanico obxectivo de situar \u00e1s v\u00edtimas no centro das s\u00faas prioridades e labores de investigaci\u00f3n. O organismo independente recibiu testemu\u00f1os que abarcan o per\u00edodo 1958-2020, que demostran claramente que JMM \u00e9 responsable de abusos a varios niveis que implican polo menos 26 v\u00edtimas. GCPS Consulting resume do seguinte xeito o traballo realizado para a enquisa: &quot;Escoitar \u00e1s v\u00edtimas foi unha das principais tarefas, as\u00ed como un reto do proceso, para as v\u00edtimas e para o equipo de investigaci\u00f3n, pero \u00e9 o elemento m\u00e1is importante. O informe describe os feitos ao longo de cinco d\u00e9cadas nos que JMM cometiu abusos sexuais ou intentou abusar das s\u00faas v\u00edtimas, describindo o seu principal modo de opera e o seu contexto operacional. que se produciron os abusos. A investigaci\u00f3n escoitou a outras v\u00edtimas de abusos, algunhas formas de abusos sexuais e outras, a un n\u00famero importante de v\u00edtimas e testemu\u00f1as posteriormente, e para avaliar como foron tratadas o informe detalla que as denuncias non foron atendidas adecuadamente, as v\u00edtimas non foron escoitadas, as v\u00edtimas non foron tratadas adecuadamente e perd\u00e9ronse oportunidades para responder aos abusos de JMM e evitar incidentes posteriores. Finalmente, o informe describe en detalle como o Movemento dos Focolares desenvolveu recentemente medidas de protecci\u00f3n e fai unha serie de recomendaci\u00f3ns dirixidas a reforzar o ambiente de salvagarda, inclu\u00eddas as relacionadas con cambios fundamentais a nivel cultural e de liderado. Despois de examinar o informe, Margaret Karram, presidenta do Movemento dos Focolares, afirmou: &quot;Non hai palabras adecuadas para expresar o conmoci\u00f3n e a dor que sinto polo dano causado pola JMM a nenos e adolescentes e, debo dicilo con moito sufrimento, non s\u00f3 por el, como se desprende dos resultados da investigaci\u00f3n&quot;. Dirix\u00edndose \u00e1s v\u00edtimas, engadiu: \u201cNeste momento, todos os meus pensamentos e palabras van para v\u00f3s que sufristes un delito moi grave que en moitos casos estragou a vosa vida.A TODOS E TODOS Persoas, XUNTO AO COPRESIDENTE, JES\u00daS MOR\u00c1N, E EN NOME DO MOMENTO DE FOCOLA, hai que reco\u00f1ecelo. A pesar do ben que o Movemento realizou ao longo da s\u00faa historia, neste \u00e1mbito non conseguimos estar atentos, escoitar e responder aos clamores de axuda de moitos. Isto non pode volver a suceder e est\u00e1 en completa contradici\u00f3n cos valores que o Movemento dos Focolares, coa s\u00faa espiritualidade cristi\u00e1, est\u00e1 chamado a vivir. formulado pola investigaci\u00f3n independente.&quot; O Movemento dos Focolares est\u00e1 m\u00e1is decidido que nunca a garantir que as s\u00faas comunidades en todo o mundo sexan lugares seguros e mutuamente enriquecedores. Como sinala a investigaci\u00f3n do GCPS, en 2011 o Movemento iniciou unha avaliaci\u00f3n exhaustiva das medidas para previr os abusos e protexer as persoas. Medidas que foron revisadas en 2014 e 2020 e que se actualizar\u00e1n despois dun estudo en profundidade dos resultados desta investigaci\u00f3n. O Movemento dos Focolares comunicou \u00e1 Conferencia Episcopal Francesa e ao Dicasterio para Laicos, Familia e Vida a publicaci\u00f3n do informe. A principal preocupaci\u00f3n do Movemento \u00e9 contribu\u00edr na medida do posible ao proceso de reconstruci\u00f3n das v\u00edtimas, inclu\u00edda a compensaci\u00f3n econ\u00f3mica se \u00e9 necesario e necesario. Por iso, por recomendaci\u00f3n da Igrexa en Francia, o Movemento dos Focolares pediu \u00e1 Comisi\u00f3n Independente de Reco\u00f1ecemento e Reparaci\u00f3n (CRR), un \u00f3rgano multidisciplinar composto por expertos da sociedade civil e creado pola CORREF (Conf\u00e9rence des Religieux et Religieuses de France), que axude \u00e1s v\u00edtimas que as\u00ed o desexen no seu proceso de reparaci\u00f3n. A partir de agora, as v\u00edtimas poden contactar con esta organizaci\u00f3n. Correo electr\u00f3nico: victimes@crr.contact \u2013 Tel: 09 73 88 25 71 P\u00e1xina web: https:\/\/www.reconnaissancereparation.org Co fin de manter o compromiso adquirido coas v\u00edtimas de JMM, o Movemento ten activado desde hai varios meses un procedemento de apoio psicol\u00f3xico coordinado polo doutor Alexis Vancappel. Este procedemento continuar\u00e1 para as v\u00edtimas que xa utilizaran este servizo. O Movemento dos Focolares informa que nas pr\u00f3ximas semanas dar\u00e1 a co\u00f1ecer as acci\u00f3ns e medidas que pretende po\u00f1er en marcha para dar resposta \u00e1s recomendaci\u00f3ns expresadas no informe. Os resultados da investigaci\u00f3n foron publicados \u00edntegramente e est\u00e1n accesibles para todos na web de GCPS Consulting e nas webs francesas e internacionais do Movemento dos Focolares. A investigaci\u00f3n est\u00e1 dispo\u00f1ible actualmente en ingl\u00e9s, franc\u00e9s e italiano; Os idiomas engadiranse m\u00e1is tarde<\/p>","protected":false},"author":3,"featured_media":4491,"comment_status":"open","ping_status":"closed","sticky":false,"template":"","format":"standard","meta":{"_price":"","_stock":"","_tribe_ticket_header":"","_tribe_default_ticket_provider":"","_tribe_ticket_capacity":"0","_ticket_start_date":"","_ticket_end_date":"","_tribe_ticket_show_description":"","_tribe_ticket_show_not_going":false,"_tribe_ticket_use_global_stock":"","_tribe_ticket_global_stock_level":"","_global_stock_mode":"","_global_stock_cap":"","_tribe_rsvp_for_event":"","_tribe_ticket_going_count":"","_tribe_ticket_not_going_count":"","_tribe_tickets_list":"[]","_tribe_ticket_has_attendee_info_fields":false,"footnotes":""},"categories":[1],"tags":[41],"class_list":["post-4490","post","type-post","status-publish","format-standard","has-post-thumbnail","hentry","category-uncategorized","tag-entornos-seguros"],"yoast_head":"<!-- This site is optimized with the Yoast SEO plugin v27.2 - https:\/\/yoast.com\/product\/yoast-seo-wordpress\/ -->\n<title>Informe de la investigaci\u00f3n independiente de GCPS Consulting - Movimiento de los Focolares<\/title>\n<meta name=\"robots\" content=\"index, follow, max-snippet:-1, max-image-preview:large, max-video-preview:-1\" \/>\n<link rel=\"canonical\" href=\"https:\/\/focolares.es\/gl\/informe-de-investigacion-independente-de-gcps-consulting\/\" \/>\n<meta property=\"og:locale\" content=\"gl_ES\" \/>\n<meta property=\"og:type\" content=\"article\" \/>\n<meta property=\"og:title\" content=\"Informe de la investigaci\u00f3n independiente de GCPS Consulting - Movimiento de los Focolares\" \/>\n<meta property=\"og:description\" content=\"Margaret Karram:&nbsp;\u00abMe comprometo en nombre del&nbsp;Movimiento de los Focolares&nbsp;a responder con acciones, medidas de escucha, acogida y prevenci\u00f3n, a las recomendaciones finales formuladas por la investigaci\u00f3n independiente\u00bb. El&nbsp;Movimiento de los Focolares&nbsp;da a conocer el resultado de la investigaci\u00f3n realizada por un organismo externo e independiente sobre los casos de abusos sexuales que han implicado a JMM, ex miembro consagrado del&nbsp;Movimiento de los Focolares&nbsp;en Francia. La investigaci\u00f3n fue encomendada el 23 de diciembre de 2020 por los\u00a0Focolares\u00a0a la empresa brit\u00e1nica\u00a0GCPS Consulting, un organismo independiente cuya misi\u00f3n siempre ha sido ayudar a las instituciones a mejorar sus sistemas de prevenci\u00f3n y denuncia de abusos. Para garantizar la integridad, la calidad y la fiabilidad del proceso de investigaci\u00f3n y de sus resultados, el\u00a0Movimiento de los Focolares\u00a0tambi\u00e9n design\u00f3 a\u00a0Alain Christnacht, ex alto funcionario franc\u00e9s, como supervisor independiente, sin v\u00ednculo alguno con el\u00a0Movimiento. A petici\u00f3n de las v\u00edctimas, el&nbsp;Movimiento de los Focolares&nbsp;encomend\u00f3 la investigaci\u00f3n a una comisi\u00f3n independiente en el mismo esp\u00edritu de la&nbsp;Conferencia Episcopal Francesa&nbsp;que en febrero de 2019 hab\u00eda encomendado a&nbsp;la&nbsp;CIASE&nbsp;(Comisi\u00f3n Independiente sobre Abusos Sexuales] realizar una investigaci\u00f3n a toda la Iglesia cat\u00f3lica francesa con el \u00fanico objetivo de situar a las v\u00edctimas en el centro de las prioridades y del trabajo de investigaci\u00f3n. El organismo independiente ha recibido testimonios que cubren el per\u00edodo 1958-2020 y que muestran claramente que JMM es responsable de abusos a varios niveles al menos a 26 v\u00edctimas. GCPS Consulting&nbsp;resume el trabajo realizado para la encuesta de la siguiente manera: \u201cEscuchar a las v\u00edctimas ha sido una de las tareas principales, as\u00ed como un desaf\u00edo del proceso, para las v\u00edctimas y para el equipo de investigaci\u00f3n, pero es el elemento m\u00e1s importante. El informe describe los hechos a lo largo de cinco d\u00e9cadas en las que JMM abus\u00f3 o intent\u00f3 abusar sexualmente de sus v\u00edctimas, principalmente chicos adolescentes, describiendo su&nbsp;modus operandi&nbsp;y tambi\u00e9n el contexto en el que se produjeron los abusos. La investigaci\u00f3n escuch\u00f3 a otras v\u00edctimas de abuso, algunas sexuales y otras formas de abuso, de un n\u00famero significativo de v\u00edctimas y testigos. Es tambi\u00e9n objeto del informe el hecho de que el abuso se haya extendido y no se haya abordado, aun cuando fue denunciado a los responsables y a los puestos de responsabilidad. Se solicit\u00f3 a la Investigaci\u00f3n que examinara el grado de conocimiento de estos hechos por parte de las personas responsables en esa \u00e9poca y posteriormente, y que evaluara c\u00f3mo se afrontaron. El informe detalla que las denuncias no fueron respondidas adecuadamente, las v\u00edctimas no fueron escuchadas, no fueron tratadas convenientemente y se perdieron las oportunidades de responder al abuso de JMM y de prevenir los incidentes posteriores. Finalmente, el informe describe en detalle c\u00f3mo el&nbsp;Movimiento de los Focolares ha desarrollado m\u00e1s recientemente medidas de protecci\u00f3n y hace una serie de recomendaciones destinadas a fortalecer el entorno de salvaguarda, incluidas las relacionadas con cambios fundamentales a nivel cultural y de liderazgo\u201d. Despu\u00e9s de examinar el informe&nbsp;Margaret Karram, Presidenta del&nbsp;Movimiento de los Focolares, ha declarado: \u00abNo hay palabras adecuadas para expresar la conmoci\u00f3n y el dolor que siento por el da\u00f1o causado por JMM a ni\u00f1os y adolescentes y \u2013debo decir esto con grand\u00edsimo sufrimiento \u2013 no solo por \u00e9l, como se desprende de los resultados de la investigaci\u00f3n\u00bb. Al dirigirse a las v\u00edctimas agreg\u00f3: \u00abEn este momento, todo mis pensamientos y mis palabras se dirigen a ustedes que han sufrido un crimen muy grave que en muchos casos les ha arruinado la vida. A TODAS Y TODOS USTEDES, A CADA UNA Y CADA UNO PERSONALMENTE, JUNTAMENTE CON EL COPRESIDENTE, JES\u00daS MOR\u00c1N, Y EN NOMBRE DEL MOVIMIENTO DE LOS FOCOLARES, LES PIDO HUMILDEMENTE PERD\u00d3N. Debemos reconocer que, no obstante el bien que el&nbsp;Movimiento&nbsp;ha realizado a lo largo de su historia, en este \u00e1mbito hemos fallado en la vigilancia, en la escucha y en la acogida del grito de auxilio de muchos: esto ya no puede volver a ocurrir y est\u00e1 en total contradicci\u00f3n con los valores que el&nbsp;Movimiento de los Focolares, con su espiritualidad cristiana, est\u00e1 llamado a vivir. Me comprometo, en nombre del&nbsp;Movimiento de los Focolares, a responder con acciones, medidas de escucha, acogida y prevenci\u00f3n, a las recomendaciones finales formuladas por la investigaci\u00f3n independiente\u00bb. El\u00a0Movimiento de los Focolares\u00a0est\u00e1 m\u00e1s decidido que nunca a garantizar que sus comunidades en todo el mundo sean lugares seguros y de enriquecimiento rec\u00edproco. Tal como lo se\u00f1ala la investigaci\u00f3n del\u00a0GCPS, en 2011 el\u00a0Movimiento\u00a0inici\u00f3 una evaluaci\u00f3n profunda de las medidas para prevenir los abusos y proteger a las personas. Medidas que han sido revisadas en 2014 y en 2020 y que ser\u00e1n actualizadas ulteriormente tras el estudio en profundidad de los resultados de esta investigaci\u00f3n. El&nbsp;Movimiento de los Focolares&nbsp;ha informado a la&nbsp;Conferencia Episcopal Francesa&nbsp;y al&nbsp;Dicasterio para los Laicos, la Familia y la Vida&nbsp;de la publicaci\u00f3n del informe. La principal preocupaci\u00f3n del&nbsp;Movimiento&nbsp;es contribuir lo m\u00e1s posible al proceso de reconstrucci\u00f3n de las v\u00edctimas, incluida la compensaci\u00f3n econ\u00f3mica si es necesaria y requerida. Por esto, por recomendaci\u00f3n de la Iglesia en Francia, el&nbsp;Movimiento de los Focolares&nbsp;ha solicitado a la&nbsp;Commission ind\u00e9pendante de reconnaissance et de r\u00e9paration&nbsp;(CRR), organismo multidisciplinario compuesto por expertos de la sociedad civil e instituido por la&nbsp;CORREF&nbsp;(Conf\u00e9rence des Religieux et Religieuses de France) que acompa\u00f1e a las v\u00edctimas que lo deseen en su proceso de reparaci\u00f3n. Desde ahora las v\u00edctimas pueden contactar a este organismo. Email:\u00a0victimes@crr.contact\u00a0\u2013\u00a0Tel : 09 73 88 25 71 P\u00e1gina Web:\u00a0https:\/\/www.reconnaissancereparation.org Para mantener el compromiso asumido con las v\u00edctimas de JMM, el&nbsp;Movimiento, desde hace algunos meses ha activado un procedimiento de apoyo psicol\u00f3gico coordinado por el Dr.&nbsp;Alexis Vancappel. Este procedimiento se mantendr\u00e1 para las v\u00edctimas que ya recurrieron a este servicio. El&nbsp;Movimiento de los Focolares&nbsp;informa que en las pr\u00f3ximas semanas dar\u00e1 a conocer las acciones y medidas que pretende implementar para dar respuesta a las recomendaciones expresadas en el informe. Los resultados de la investigaci\u00f3n est\u00e1n publicados por completo y son accesibles a todos en las p\u00e1ginas web de&nbsp;GCPS Consulting&nbsp;y en las&nbsp;p\u00e1gina francesa&nbsp;e&nbsp;internacional del Movimiento de los Focolares. Por el momento la investigaci\u00f3n est\u00e1 disponible en ingl\u00e9s, franc\u00e9s e italiano; posteriormente se agregar\u00e1n los idiomas\" \/>\n<meta property=\"og:url\" content=\"https:\/\/focolares.es\/gl\/informe-de-investigacion-independente-de-gcps-consulting\/\" \/>\n<meta property=\"og:site_name\" content=\"Movimiento de los Focolares\" \/>\n<meta property=\"article:published_time\" content=\"2022-03-30T20:52:00+00:00\" \/>\n<meta property=\"article:modified_time\" content=\"2026-04-17T19:54:24+00:00\" \/>\n<meta property=\"og:image\" content=\"https:\/\/focolares.es\/wp-content\/uploads\/2024\/03\/GCPS-consulting.jpg\" \/>\n\t<meta property=\"og:image:width\" content=\"400\" \/>\n\t<meta property=\"og:image:height\" content=\"400\" \/>\n\t<meta property=\"og:image:type\" content=\"image\/jpeg\" \/>\n<meta name=\"author\" content=\"Jordi Illa\" \/>\n<meta name=\"twitter:card\" content=\"summary_large_image\" \/>\n<meta name=\"twitter:label1\" content=\"Escrito por\" \/>\n\t<meta name=\"twitter:data1\" content=\"Jordi Illa\" \/>\n\t<meta name=\"twitter:label2\" content=\"Tempo de lectura\" \/>\n\t<meta name=\"twitter:data2\" content=\"6 minutos\" \/>\n<script type=\"application\/ld+json\" class=\"yoast-schema-graph\">{\"@context\":\"https:\/\/schema.org\",\"@graph\":[{\"@type\":\"Article\",\"@id\":\"https:\/\/focolares.es\/informe-de-la-investigacion-independiente-de-gcps-consulting\/#article\",\"isPartOf\":{\"@id\":\"https:\/\/focolares.es\/informe-de-la-investigacion-independiente-de-gcps-consulting\/\"},\"author\":{\"name\":\"Jordi Illa\",\"@id\":\"https:\/\/focolares.es\/#\/schema\/person\/126bed8dcef374cce0a19e99bfdc4fcd\"},\"headline\":\"Informe de la investigaci\u00f3n independiente de GCPS Consulting\",\"datePublished\":\"2022-03-30T20:52:00+00:00\",\"dateModified\":\"2026-04-17T19:54:24+00:00\",\"mainEntityOfPage\":{\"@id\":\"https:\/\/focolares.es\/informe-de-la-investigacion-independiente-de-gcps-consulting\/\"},\"wordCount\":1349,\"commentCount\":0,\"publisher\":{\"@id\":\"https:\/\/focolares.es\/#organization\"},\"image\":{\"@id\":\"https:\/\/focolares.es\/informe-de-la-investigacion-independiente-de-gcps-consulting\/#primaryimage\"},\"thumbnailUrl\":\"https:\/\/focolares.es\/wp-content\/uploads\/2024\/03\/GCPS-consulting.jpg\",\"keywords\":[\"Entornos seguros\"],\"articleSection\":[\"Uncategorized\"],\"inLanguage\":\"gl-ES\",\"potentialAction\":[{\"@type\":\"CommentAction\",\"name\":\"Comment\",\"target\":[\"https:\/\/focolares.es\/informe-de-la-investigacion-independiente-de-gcps-consulting\/#respond\"]}]},{\"@type\":\"WebPage\",\"@id\":\"https:\/\/focolares.es\/informe-de-la-investigacion-independiente-de-gcps-consulting\/\",\"url\":\"https:\/\/focolares.es\/informe-de-la-investigacion-independiente-de-gcps-consulting\/\",\"name\":\"Informe de la investigaci\u00f3n independiente de GCPS Consulting - Movimiento de los Focolares\",\"isPartOf\":{\"@id\":\"https:\/\/focolares.es\/#website\"},\"primaryImageOfPage\":{\"@id\":\"https:\/\/focolares.es\/informe-de-la-investigacion-independiente-de-gcps-consulting\/#primaryimage\"},\"image\":{\"@id\":\"https:\/\/focolares.es\/informe-de-la-investigacion-independiente-de-gcps-consulting\/#primaryimage\"},\"thumbnailUrl\":\"https:\/\/focolares.es\/wp-content\/uploads\/2024\/03\/GCPS-consulting.jpg\",\"datePublished\":\"2022-03-30T20:52:00+00:00\",\"dateModified\":\"2026-04-17T19:54:24+00:00\",\"breadcrumb\":{\"@id\":\"https:\/\/focolares.es\/informe-de-la-investigacion-independiente-de-gcps-consulting\/#breadcrumb\"},\"inLanguage\":\"gl-ES\",\"potentialAction\":[{\"@type\":\"ReadAction\",\"target\":[\"https:\/\/focolares.es\/informe-de-la-investigacion-independiente-de-gcps-consulting\/\"]}]},{\"@type\":\"ImageObject\",\"inLanguage\":\"gl-ES\",\"@id\":\"https:\/\/focolares.es\/informe-de-la-investigacion-independiente-de-gcps-consulting\/#primaryimage\",\"url\":\"https:\/\/focolares.es\/wp-content\/uploads\/2024\/03\/GCPS-consulting.jpg\",\"contentUrl\":\"https:\/\/focolares.es\/wp-content\/uploads\/2024\/03\/GCPS-consulting.jpg\",\"width\":400,\"height\":400},{\"@type\":\"BreadcrumbList\",\"@id\":\"https:\/\/focolares.es\/informe-de-la-investigacion-independiente-de-gcps-consulting\/#breadcrumb\",\"itemListElement\":[{\"@type\":\"ListItem\",\"position\":1,\"name\":\"Portada\",\"item\":\"https:\/\/focolares.es\/\"},{\"@type\":\"ListItem\",\"position\":2,\"name\":\"Informe de la investigaci\u00f3n independiente de GCPS Consulting\"}]},{\"@type\":\"WebSite\",\"@id\":\"https:\/\/focolares.es\/#website\",\"url\":\"https:\/\/focolares.es\/\",\"name\":\"Movimiento de los Focolares\",\"description\":\"\",\"publisher\":{\"@id\":\"https:\/\/focolares.es\/#organization\"},\"potentialAction\":[{\"@type\":\"SearchAction\",\"target\":{\"@type\":\"EntryPoint\",\"urlTemplate\":\"https:\/\/focolares.es\/?s={search_term_string}\"},\"query-input\":{\"@type\":\"PropertyValueSpecification\",\"valueRequired\":true,\"valueName\":\"search_term_string\"}}],\"inLanguage\":\"gl-ES\"},{\"@type\":\"Organization\",\"@id\":\"https:\/\/focolares.es\/#organization\",\"name\":\"Movimiento de los Focolares\",\"url\":\"https:\/\/focolares.es\/\",\"logo\":{\"@type\":\"ImageObject\",\"inLanguage\":\"gl-ES\",\"@id\":\"https:\/\/focolares.es\/#\/schema\/logo\/image\/\",\"url\":\"https:\/\/focolares.es\/wp-content\/uploads\/2024\/03\/Logo_focolares-1024x944-1.jpg\",\"contentUrl\":\"https:\/\/focolares.es\/wp-content\/uploads\/2024\/03\/Logo_focolares-1024x944-1.jpg\",\"width\":1024,\"height\":944,\"caption\":\"Movimiento de los Focolares\"},\"image\":{\"@id\":\"https:\/\/focolares.es\/#\/schema\/logo\/image\/\"}},{\"@type\":\"Person\",\"@id\":\"https:\/\/focolares.es\/#\/schema\/person\/126bed8dcef374cce0a19e99bfdc4fcd\",\"name\":\"Jordi Illa\",\"image\":{\"@type\":\"ImageObject\",\"inLanguage\":\"gl-ES\",\"@id\":\"https:\/\/focolares.es\/wp-content\/litespeed\/avatar\/e8decbc8631810d24ab614c6ffa68ee7.jpg?ver=1777387854\",\"url\":\"https:\/\/focolares.es\/wp-content\/litespeed\/avatar\/e8decbc8631810d24ab614c6ffa68ee7.jpg?ver=1777387854\",\"contentUrl\":\"https:\/\/focolares.es\/wp-content\/litespeed\/avatar\/e8decbc8631810d24ab614c6ffa68ee7.jpg?ver=1777387854\",\"caption\":\"Jordi Illa\"},\"url\":\"https:\/\/focolares.es\/gl\/author\/jordi\/\"}]}<\/script>\n<!-- \/ Yoast SEO plugin. -->","yoast_head_json":{"title":"Informe de investigaci\u00f3n independente de GCPS Consulting - Movemento dos Focolares","robots":{"index":"index","follow":"follow","max-snippet":"max-snippet:-1","max-image-preview":"max-image-preview:large","max-video-preview":"max-video-preview:-1"},"canonical":"https:\/\/focolares.es\/gl\/informe-de-investigacion-independente-de-gcps-consulting\/","og_locale":"gl_ES","og_type":"article","og_title":"Informe de la investigaci\u00f3n independiente de GCPS Consulting - Movimiento de los Focolares","og_description":"Margaret Karram:&nbsp;\u00abMe comprometo en nombre del&nbsp;Movimiento de los Focolares&nbsp;a responder con acciones, medidas de escucha, acogida y prevenci\u00f3n, a las recomendaciones finales formuladas por la investigaci\u00f3n independiente\u00bb. El&nbsp;Movimiento de los Focolares&nbsp;da a conocer el resultado de la investigaci\u00f3n realizada por un organismo externo e independiente sobre los casos de abusos sexuales que han implicado a JMM, ex miembro consagrado del&nbsp;Movimiento de los Focolares&nbsp;en Francia. La investigaci\u00f3n fue encomendada el 23 de diciembre de 2020 por los\u00a0Focolares\u00a0a la empresa brit\u00e1nica\u00a0GCPS Consulting, un organismo independiente cuya misi\u00f3n siempre ha sido ayudar a las instituciones a mejorar sus sistemas de prevenci\u00f3n y denuncia de abusos. Para garantizar la integridad, la calidad y la fiabilidad del proceso de investigaci\u00f3n y de sus resultados, el\u00a0Movimiento de los Focolares\u00a0tambi\u00e9n design\u00f3 a\u00a0Alain Christnacht, ex alto funcionario franc\u00e9s, como supervisor independiente, sin v\u00ednculo alguno con el\u00a0Movimiento. A petici\u00f3n de las v\u00edctimas, el&nbsp;Movimiento de los Focolares&nbsp;encomend\u00f3 la investigaci\u00f3n a una comisi\u00f3n independiente en el mismo esp\u00edritu de la&nbsp;Conferencia Episcopal Francesa&nbsp;que en febrero de 2019 hab\u00eda encomendado a&nbsp;la&nbsp;CIASE&nbsp;(Comisi\u00f3n Independiente sobre Abusos Sexuales] realizar una investigaci\u00f3n a toda la Iglesia cat\u00f3lica francesa con el \u00fanico objetivo de situar a las v\u00edctimas en el centro de las prioridades y del trabajo de investigaci\u00f3n. El organismo independiente ha recibido testimonios que cubren el per\u00edodo 1958-2020 y que muestran claramente que JMM es responsable de abusos a varios niveles al menos a 26 v\u00edctimas. GCPS Consulting&nbsp;resume el trabajo realizado para la encuesta de la siguiente manera: \u201cEscuchar a las v\u00edctimas ha sido una de las tareas principales, as\u00ed como un desaf\u00edo del proceso, para las v\u00edctimas y para el equipo de investigaci\u00f3n, pero es el elemento m\u00e1s importante. El informe describe los hechos a lo largo de cinco d\u00e9cadas en las que JMM abus\u00f3 o intent\u00f3 abusar sexualmente de sus v\u00edctimas, principalmente chicos adolescentes, describiendo su&nbsp;modus operandi&nbsp;y tambi\u00e9n el contexto en el que se produjeron los abusos. La investigaci\u00f3n escuch\u00f3 a otras v\u00edctimas de abuso, algunas sexuales y otras formas de abuso, de un n\u00famero significativo de v\u00edctimas y testigos. Es tambi\u00e9n objeto del informe el hecho de que el abuso se haya extendido y no se haya abordado, aun cuando fue denunciado a los responsables y a los puestos de responsabilidad. Se solicit\u00f3 a la Investigaci\u00f3n que examinara el grado de conocimiento de estos hechos por parte de las personas responsables en esa \u00e9poca y posteriormente, y que evaluara c\u00f3mo se afrontaron. El informe detalla que las denuncias no fueron respondidas adecuadamente, las v\u00edctimas no fueron escuchadas, no fueron tratadas convenientemente y se perdieron las oportunidades de responder al abuso de JMM y de prevenir los incidentes posteriores. Finalmente, el informe describe en detalle c\u00f3mo el&nbsp;Movimiento de los Focolares ha desarrollado m\u00e1s recientemente medidas de protecci\u00f3n y hace una serie de recomendaciones destinadas a fortalecer el entorno de salvaguarda, incluidas las relacionadas con cambios fundamentales a nivel cultural y de liderazgo\u201d. Despu\u00e9s de examinar el informe&nbsp;Margaret Karram, Presidenta del&nbsp;Movimiento de los Focolares, ha declarado: \u00abNo hay palabras adecuadas para expresar la conmoci\u00f3n y el dolor que siento por el da\u00f1o causado por JMM a ni\u00f1os y adolescentes y \u2013debo decir esto con grand\u00edsimo sufrimiento \u2013 no solo por \u00e9l, como se desprende de los resultados de la investigaci\u00f3n\u00bb. Al dirigirse a las v\u00edctimas agreg\u00f3: \u00abEn este momento, todo mis pensamientos y mis palabras se dirigen a ustedes que han sufrido un crimen muy grave que en muchos casos les ha arruinado la vida. A TODAS Y TODOS USTEDES, A CADA UNA Y CADA UNO PERSONALMENTE, JUNTAMENTE CON EL COPRESIDENTE, JES\u00daS MOR\u00c1N, Y EN NOMBRE DEL MOVIMIENTO DE LOS FOCOLARES, LES PIDO HUMILDEMENTE PERD\u00d3N. Debemos reconocer que, no obstante el bien que el&nbsp;Movimiento&nbsp;ha realizado a lo largo de su historia, en este \u00e1mbito hemos fallado en la vigilancia, en la escucha y en la acogida del grito de auxilio de muchos: esto ya no puede volver a ocurrir y est\u00e1 en total contradicci\u00f3n con los valores que el&nbsp;Movimiento de los Focolares, con su espiritualidad cristiana, est\u00e1 llamado a vivir. Me comprometo, en nombre del&nbsp;Movimiento de los Focolares, a responder con acciones, medidas de escucha, acogida y prevenci\u00f3n, a las recomendaciones finales formuladas por la investigaci\u00f3n independiente\u00bb. El\u00a0Movimiento de los Focolares\u00a0est\u00e1 m\u00e1s decidido que nunca a garantizar que sus comunidades en todo el mundo sean lugares seguros y de enriquecimiento rec\u00edproco. Tal como lo se\u00f1ala la investigaci\u00f3n del\u00a0GCPS, en 2011 el\u00a0Movimiento\u00a0inici\u00f3 una evaluaci\u00f3n profunda de las medidas para prevenir los abusos y proteger a las personas. Medidas que han sido revisadas en 2014 y en 2020 y que ser\u00e1n actualizadas ulteriormente tras el estudio en profundidad de los resultados de esta investigaci\u00f3n. El&nbsp;Movimiento de los Focolares&nbsp;ha informado a la&nbsp;Conferencia Episcopal Francesa&nbsp;y al&nbsp;Dicasterio para los Laicos, la Familia y la Vida&nbsp;de la publicaci\u00f3n del informe. La principal preocupaci\u00f3n del&nbsp;Movimiento&nbsp;es contribuir lo m\u00e1s posible al proceso de reconstrucci\u00f3n de las v\u00edctimas, incluida la compensaci\u00f3n econ\u00f3mica si es necesaria y requerida. Por esto, por recomendaci\u00f3n de la Iglesia en Francia, el&nbsp;Movimiento de los Focolares&nbsp;ha solicitado a la&nbsp;Commission ind\u00e9pendante de reconnaissance et de r\u00e9paration&nbsp;(CRR), organismo multidisciplinario compuesto por expertos de la sociedad civil e instituido por la&nbsp;CORREF&nbsp;(Conf\u00e9rence des Religieux et Religieuses de France) que acompa\u00f1e a las v\u00edctimas que lo deseen en su proceso de reparaci\u00f3n. Desde ahora las v\u00edctimas pueden contactar a este organismo. Email:\u00a0victimes@crr.contact\u00a0\u2013\u00a0Tel : 09 73 88 25 71 P\u00e1gina Web:\u00a0https:\/\/www.reconnaissancereparation.org Para mantener el compromiso asumido con las v\u00edctimas de JMM, el&nbsp;Movimiento, desde hace algunos meses ha activado un procedimiento de apoyo psicol\u00f3gico coordinado por el Dr.&nbsp;Alexis Vancappel. Este procedimiento se mantendr\u00e1 para las v\u00edctimas que ya recurrieron a este servicio. El&nbsp;Movimiento de los Focolares&nbsp;informa que en las pr\u00f3ximas semanas dar\u00e1 a conocer las acciones y medidas que pretende implementar para dar respuesta a las recomendaciones expresadas en el informe. Los resultados de la investigaci\u00f3n est\u00e1n publicados por completo y son accesibles a todos en las p\u00e1ginas web de&nbsp;GCPS Consulting&nbsp;y en las&nbsp;p\u00e1gina francesa&nbsp;e&nbsp;internacional del Movimiento de los Focolares. Por el momento la investigaci\u00f3n est\u00e1 disponible en ingl\u00e9s, franc\u00e9s e italiano; posteriormente se agregar\u00e1n los idiomas","og_url":"https:\/\/focolares.es\/gl\/informe-de-investigacion-independente-de-gcps-consulting\/","og_site_name":"Movimiento de los Focolares","article_published_time":"2022-03-30T20:52:00+00:00","article_modified_time":"2026-04-17T19:54:24+00:00","og_image":[{"width":400,"height":400,"url":"https:\/\/focolares.es\/wp-content\/uploads\/2024\/03\/GCPS-consulting.jpg","type":"image\/jpeg"}],"author":"Jordi Illa","twitter_card":"summary_large_image","twitter_misc":{"Escrito por":"Jordi Illa","Tempo de lectura":"6 minutos"},"schema":{"@context":"https:\/\/schema.org","@graph":[{"@type":"Article","@id":"https:\/\/focolares.es\/informe-de-la-investigacion-independiente-de-gcps-consulting\/#article","isPartOf":{"@id":"https:\/\/focolares.es\/informe-de-la-investigacion-independiente-de-gcps-consulting\/"},"author":{"name":"Jordi Illa","@id":"https:\/\/focolares.es\/#\/schema\/person\/126bed8dcef374cce0a19e99bfdc4fcd"},"headline":"Informe de la investigaci\u00f3n independiente de GCPS Consulting","datePublished":"2022-03-30T20:52:00+00:00","dateModified":"2026-04-17T19:54:24+00:00","mainEntityOfPage":{"@id":"https:\/\/focolares.es\/informe-de-la-investigacion-independiente-de-gcps-consulting\/"},"wordCount":1349,"commentCount":0,"publisher":{"@id":"https:\/\/focolares.es\/#organization"},"image":{"@id":"https:\/\/focolares.es\/informe-de-la-investigacion-independiente-de-gcps-consulting\/#primaryimage"},"thumbnailUrl":"https:\/\/focolares.es\/wp-content\/uploads\/2024\/03\/GCPS-consulting.jpg","keywords":["Entornos seguros"],"articleSection":["Uncategorized"],"inLanguage":"gl-ES","potentialAction":[{"@type":"CommentAction","name":"Comment","target":["https:\/\/focolares.es\/informe-de-la-investigacion-independiente-de-gcps-consulting\/#respond"]}]},{"@type":"WebPage","@id":"https:\/\/focolares.es\/informe-de-la-investigacion-independiente-de-gcps-consulting\/","url":"https:\/\/focolares.es\/informe-de-la-investigacion-independiente-de-gcps-consulting\/","name":"Informe de investigaci\u00f3n independente de GCPS Consulting - Movemento dos Focolares","isPartOf":{"@id":"https:\/\/focolares.es\/#website"},"primaryImageOfPage":{"@id":"https:\/\/focolares.es\/informe-de-la-investigacion-independiente-de-gcps-consulting\/#primaryimage"},"image":{"@id":"https:\/\/focolares.es\/informe-de-la-investigacion-independiente-de-gcps-consulting\/#primaryimage"},"thumbnailUrl":"https:\/\/focolares.es\/wp-content\/uploads\/2024\/03\/GCPS-consulting.jpg","datePublished":"2022-03-30T20:52:00+00:00","dateModified":"2026-04-17T19:54:24+00:00","breadcrumb":{"@id":"https:\/\/focolares.es\/informe-de-la-investigacion-independiente-de-gcps-consulting\/#breadcrumb"},"inLanguage":"gl-ES","potentialAction":[{"@type":"ReadAction","target":["https:\/\/focolares.es\/informe-de-la-investigacion-independiente-de-gcps-consulting\/"]}]},{"@type":"ImageObject","inLanguage":"gl-ES","@id":"https:\/\/focolares.es\/informe-de-la-investigacion-independiente-de-gcps-consulting\/#primaryimage","url":"https:\/\/focolares.es\/wp-content\/uploads\/2024\/03\/GCPS-consulting.jpg","contentUrl":"https:\/\/focolares.es\/wp-content\/uploads\/2024\/03\/GCPS-consulting.jpg","width":400,"height":400},{"@type":"BreadcrumbList","@id":"https:\/\/focolares.es\/informe-de-la-investigacion-independiente-de-gcps-consulting\/#breadcrumb","itemListElement":[{"@type":"ListItem","position":1,"name":"Portada","item":"https:\/\/focolares.es\/"},{"@type":"ListItem","position":2,"name":"Informe de la investigaci\u00f3n independiente de GCPS Consulting"}]},{"@type":"WebSite","@id":"https:\/\/focolares.es\/#website","url":"https:\/\/focolares.es\/","name":"Movemento dos Focolares","description":"","publisher":{"@id":"https:\/\/focolares.es\/#organization"},"potentialAction":[{"@type":"SearchAction","target":{"@type":"EntryPoint","urlTemplate":"https:\/\/focolares.es\/?s={search_term_string}"},"query-input":{"@type":"PropertyValueSpecification","valueRequired":true,"valueName":"search_term_string"}}],"inLanguage":"gl-ES"},{"@type":"Organization","@id":"https:\/\/focolares.es\/#organization","name":"Movemento dos Focolares","url":"https:\/\/focolares.es\/","logo":{"@type":"ImageObject","inLanguage":"gl-ES","@id":"https:\/\/focolares.es\/#\/schema\/logo\/image\/","url":"https:\/\/focolares.es\/wp-content\/uploads\/2024\/03\/Logo_focolares-1024x944-1.jpg","contentUrl":"https:\/\/focolares.es\/wp-content\/uploads\/2024\/03\/Logo_focolares-1024x944-1.jpg","width":1024,"height":944,"caption":"Movimiento de los Focolares"},"image":{"@id":"https:\/\/focolares.es\/#\/schema\/logo\/image\/"}},{"@type":"Person","@id":"https:\/\/focolares.es\/#\/schema\/person\/126bed8dcef374cce0a19e99bfdc4fcd","name":"Jordi Illa","image":{"@type":"ImageObject","inLanguage":"gl-ES","@id":"https:\/\/focolares.es\/wp-content\/litespeed\/avatar\/e8decbc8631810d24ab614c6ffa68ee7.jpg?ver=1777387854","url":"https:\/\/focolares.es\/wp-content\/litespeed\/avatar\/e8decbc8631810d24ab614c6ffa68ee7.jpg?ver=1777387854","contentUrl":"https:\/\/focolares.es\/wp-content\/litespeed\/avatar\/e8decbc8631810d24ab614c6ffa68ee7.jpg?ver=1777387854","caption":"Jordi Illa"},"url":"https:\/\/focolares.es\/gl\/author\/jordi\/"}]}},"views":27,"_links":{"self":[{"href":"https:\/\/focolares.es\/gl\/wp-json\/wp\/v2\/posts\/4490","targetHints":{"allow":["GET"]}}],"collection":[{"href":"https:\/\/focolares.es\/gl\/wp-json\/wp\/v2\/posts"}],"about":[{"href":"https:\/\/focolares.es\/gl\/wp-json\/wp\/v2\/types\/post"}],"author":[{"embeddable":true,"href":"https:\/\/focolares.es\/gl\/wp-json\/wp\/v2\/users\/3"}],"replies":[{"embeddable":true,"href":"https:\/\/focolares.es\/gl\/wp-json\/wp\/v2\/comments?post=4490"}],"version-history":[{"count":1,"href":"https:\/\/focolares.es\/gl\/wp-json\/wp\/v2\/posts\/4490\/revisions"}],"predecessor-version":[{"id":4492,"href":"https:\/\/focolares.es\/gl\/wp-json\/wp\/v2\/posts\/4490\/revisions\/4492"}],"wp:featuredmedia":[{"embeddable":true,"href":"https:\/\/focolares.es\/gl\/wp-json\/wp\/v2\/media\/4491"}],"wp:attachment":[{"href":"https:\/\/focolares.es\/gl\/wp-json\/wp\/v2\/media?parent=4490"}],"wp:term":[{"taxonomy":"category","embeddable":true,"href":"https:\/\/focolares.es\/gl\/wp-json\/wp\/v2\/categories?post=4490"},{"taxonomy":"post_tag","embeddable":true,"href":"https:\/\/focolares.es\/gl\/wp-json\/wp\/v2\/tags?post=4490"}],"curies":[{"name":"wp","href":"https:\/\/api.w.org\/{rel}","templated":true}]}}