{"id":4598,"date":"2023-04-03T09:56:44","date_gmt":"2023-04-03T07:56:44","guid":{"rendered":"https:\/\/focolares.es\/?p=4598"},"modified":"2026-04-17T21:53:04","modified_gmt":"2026-04-17T19:53:04","slug":"cara-a-unha-cultura-de-proteccion-integral-da-persoa","status":"publish","type":"post","link":"https:\/\/focolares.es\/gl\/hacia-una-cultura-de-la-proteccion-integral-de-la-persona\/","title":{"rendered":"Cara a unha cultura de protecci\u00f3n integral da persoa"},"content":{"rendered":"<p>El&nbsp;<em>Movemento dos Focolares<\/em>&nbsp;publica o primeiro informe sobre casos de malos tratos a menores e adultos vulnerables, inclu\u00eddos abusos espirituais e de autoridade, acontecidos no seo do Movemento. Tam\u00e9n incl\u00fae informaci\u00f3n sobre medidas correctoras, novos procedementos de investigaci\u00f3n e actividades de formaci\u00f3n dirixidas \u00e1 protecci\u00f3n persoal.<\/p>\n\n\n\n<p>O informe comeza cunha carta de&nbsp;<strong>Margaret Karram<\/strong>&nbsp;e&nbsp;<strong>Xes\u00fas Mor\u00e1n<\/strong>, Presidente e Copresidente do&nbsp;<em>Focolares<\/em>: \u00ab<em>Escribimos para presentar un informe p\u00fablico sobre os datos relativos \u00e1s notificaci\u00f3ns e medidas que levamos a cabo como Movemento dos Focolares, ante a lacra dos abusos sexuais a menores e persoas vulnerables; e abusos de conciencia, espiritualidade e autoridade sobre os adultos, dos que tampouco nos libramos&quot;.<\/em>.<\/p>\n\n\n\n<p>O documento&nbsp;<a href=\"https:\/\/www.focolare.org\/wp-content\/uploads\/2023\/04\/CGO-00-20230331-Resoconto_MdF_2022-23_Tutela_Persona-ESP.pdf\" target=\"_blank\" rel=\"noreferrer noopener\"><em>Cara a unha cultura de protecci\u00f3n integral da persoa<\/em><\/a>, renovarase anualmente e publ\u00edcase un ano despois da divulgaci\u00f3n dos resultados da investigaci\u00f3n realizada por&nbsp;<a href=\"https:\/\/www.focolare.org\/espana\/es\/news\/2022\/03\/30\/informe-de-la-investigacion-independiente-de-gcps-consulting\/\" target=\"_blank\" rel=\"noreferrer noopener\">Consultor\u00eda GCPS<\/a>&nbsp;sobre os graves casos de abusos sexuais cometidos por un antigo focolarino franc\u00e9s.<\/p>\n\n\n\n<p>El&nbsp;<em>Movemento dos Focolares<\/em>&nbsp;Traballa para adoptar as medidas necesarias para garantir a prevenci\u00f3n e protecci\u00f3n integral das persoas en todos os \u00e1mbitos e contornos nos que se desenvolven as s\u00faas actividades. Por este motivo, o documento que agora se est\u00e1 a publicar - explican o presidente e co-presidente da&nbsp;<em>Focolares<\/em>\u2012, \u00ab<em>Este \u00e9 o primeiro informe sobre as medidas de prevenci\u00f3n, investigaci\u00f3n, transparencia, formaci\u00f3n e cambio que acomete o Movemento dos Focolares para combater este crime.<\/em><\/p>\n\n\n\n<p>O presidente e o copresidente piden sinceramente desculpas a cada unha das v\u00edtimas e superviventes en nome do&nbsp;<em>Movemento dos Focolares<\/em><strong>,&nbsp;<\/strong>ao tempo que lles expresou un profundo agradecemento, as\u00ed como \u00e1s v\u00edtimas, familias e comunidades implicadas non s\u00f3 en Francia, sen\u00f3n en todos os pa\u00edses onde xurdiron casos de malos tratos, porque grazas \u00e1 s\u00faa cooperaci\u00f3n e, sobre todo, \u00e1 s\u00faa valent\u00eda para afrontar e sacar \u00e1 luz estes crimes,&nbsp;<em>Movemento<\/em>&nbsp;est\u00e1 a implementar de forma m\u00e1is consciente novos compromisos e procedementos en materia de protecci\u00f3n das persoas.<\/p>\n\n\n\n<p>O informe consta de varias partes e presenta datos relativos aos abusos denunciados ao&nbsp;<em>Comisi\u00f3n para o Benestar e Protecci\u00f3n da Persoa<\/em>&nbsp;(<em>CO.BE.TU.<\/em>) desde o ano da s\u00faa creaci\u00f3n, 2014; Por iso recolle de forma sistem\u00e1tica as notificaci\u00f3ns ata decembro de 2022. O informe tam\u00e9n presenta datos sobre os &quot;cursos b\u00e1sicos de protecci\u00f3n da persoa&quot; realizados nos diferentes pa\u00edses nos que se&nbsp;<em>Movemento dos Focolares<\/em>.<\/p>\n\n\n\n<p>Outro apartado est\u00e1 dedicado \u00e1s medidas prioritarias xa implantadas ou en proceso de implementaci\u00f3n, en resposta \u00e1s recomendaci\u00f3ns da investigaci\u00f3n independente de&nbsp;<em>Consultor\u00eda GCPS<\/em>. Os cursos e ferramentas formativas para a protecci\u00f3n da persoa est\u00e1n a disposici\u00f3n de todos os membros da&nbsp;<em>Movemento<\/em>, especialmente dos adestradores e acompa\u00f1antes de menores. Xa se puxeron en marcha actividades formativas para os responsables do&nbsp;<em>Movemento<\/em>&nbsp;a distintos niveis: dende a direcci\u00f3n central ata os xestores territoriais en distintos \u00e1mbitos xeogr\u00e1ficos.<\/p>\n\n\n\n<p>O 1 de maio de 2023&nbsp;<em>Comisi\u00f3n Central Independente<\/em>&nbsp;e completar\u00e1 a tarefa do&nbsp;<em>CO.BE.TU.<\/em>&nbsp;O novo \u00f3rgano encargarase exclusivamente da tramitaci\u00f3n das notificaci\u00f3ns, mentres que a formaci\u00f3n ser\u00e1 coordinada a nivel central e local por outro equipo de expertos e consultores.<\/p>\n\n\n\n<p>O informe tam\u00e9n presenta o&nbsp;<a href=\"https:\/\/www.focolare.org\/wp-content\/uploads\/2023\/03\/CGO-00-20230328-Protocollo_MdF_gestione_casi_abuso-SP.pdf\"><em>Protocolo para a xesti\u00f3n dos casos de malos tratos no Movemento dos Focolares<\/em><\/a>, o&nbsp;<em>Competencias da Comisi\u00f3n Central Independente&nbsp;<\/em>e o&nbsp;<a href=\"https:\/\/www.focolare.org\/wp-content\/uploads\/2023\/03\/CGO-00-20230328-MdF-Linee-di-sostegno-alle-vittime-e-riparazione-finanziaria-ESP.pdf\"><em>Li\u00f1as de apoio e compensaci\u00f3n econ\u00f3mica en casos de abusos sexuais a menores e adultos vulnerables<\/em><\/a>.<\/p>\n\n\n\n<p>No que respecta aos procedementos de notificaci\u00f3n, denuncia e investigaci\u00f3n nos pa\u00edses onde a denuncia \u00e9 obrigatoria, a notificaci\u00f3n transm\u00edtese inmediatamente \u00e1s autoridades xudiciais. Se a lexislaci\u00f3n nacional non prev\u00e9 a obrigatoriedade da denuncia, pero os feitos non obstante son constitutivos de delito, a comisi\u00f3n presentar\u00e1 a denuncia ante as autoridades xudiciais inmediatamente despois de comprobar a verosimilitud dos feitos, salvo que a v\u00edtima ou os seus pais se opo\u00f1an. De conformidade coas normas xur\u00eddicas internacionais, tam\u00e9n se notificar\u00e1 un abuso a\u00ednda que expirase o prazo de prescrici\u00f3n.<\/p>\n\n\n\n<p><a href=\"https:\/\/www.focolare.org\/wp-content\/uploads\/2023\/04\/CGO-00-20230331-Resoconto_MdF_2022-23_Tutela_Persona-ESP.pdf\" target=\"_blank\" rel=\"noreferrer noopener\">Descarga o informe en PDF sobre o tratamento dos casos de abuso no Movemento dos Focolares.<\/a><\/p>","protected":false},"excerpt":{"rendered":"<p>O Movemento dos Focolares publica o seu primeiro informe sobre os casos de malos tratos a menores e adultos vulnerables, inclu\u00eddos os abusos espirituais e o abuso de autoridade, acontecidos dentro do Movemento. Tam\u00e9n incl\u00fae informaci\u00f3n sobre medidas correctoras, novos procedementos de investigaci\u00f3n e actividades de formaci\u00f3n dirixidas \u00e1 protecci\u00f3n persoal. O informe comeza cunha carta de Margaret Karram e Jes\u00fas Mor\u00e1n, presidenta e copresidenta do Movemento dos Focolares: &quot;Escrib\u00edmonos para presentar un informe p\u00fablico sobre os datos relativos \u00e1s notificaci\u00f3ns e as medidas que levamos a cabo como Movemento dos Focolares, ante a lacra dos abusos sexuais a menores e persoas vulnerables; e os abusos de conciencia, espiritualidade e autoridade sobre os adultos, dos que tampouco nos libramos dos adultos&quot;. O documento, &quot;Cara a unha cultura de protecci\u00f3n integral da persoa&quot;, actualizarase anualmente e publicarase un ano despois da publicaci\u00f3n dos resultados da investigaci\u00f3n realizada por GCPS Consulting sobre os graves casos de abusos sexuais cometidos por un ex focolarino franc\u00e9s. O Movemento dos Focolares traballa para adoptar as medidas necesarias para garantir a prevenci\u00f3n e a protecci\u00f3n integral das persoas en todos os \u00e1mbitos e contornos onde se desenvolven as s\u00faas actividades. Por iso, o documento que agora se publica -explican o presidente e o copresidente do Movemento dos Focolares- &quot;\u00e9 un primeiro informe sobre as medidas de prevenci\u00f3n, investigaci\u00f3n, transparencia, formaci\u00f3n e cambio que acomete o Movemento dos Focolares para contrarrestar este crime&quot;. O presidente e o copresidente desculpen sinceramente a cada unha das v\u00edtimas e superviventes en nome do Movemento dos Focolares, ao tempo que lles expresa o seu profundo agradecemento, as\u00ed como \u00e1s v\u00edtimas, familias e comunidades implicadas, non s\u00f3 en Francia, sen\u00f3n en todos os pa\u00edses onde xurdiron casos de malos tratos, porque grazas \u00e1 s\u00faa cooperaci\u00f3n e, sobre todo, \u00e1 s\u00faa valent\u00eda para enfrontar e levar a cabo estes crimes con m\u00e1is conciencia compromisos e procedementos en materia de protecci\u00f3n das persoas. O informe consta de varias partes e presenta datos sobre abusos denunciados \u00e1 Comisi\u00f3n de Benestar e Protecci\u00f3n das Persoas (CO.BE.TU.) desde a s\u00faa creaci\u00f3n en 2014; Por iso, recompila de forma sistem\u00e1tica as notificaci\u00f3ns ata decembro de 2022. O informe tam\u00e9n presenta datos sobre &quot;cursos b\u00e1sicos de protecci\u00f3n da persoa&quot; realizados nos distintos pa\u00edses onde act\u00faa o Movemento dos Focolares. Outro apartado est\u00e1 dedicado \u00e1s medidas prioritarias xa implantadas ou en proceso de implantaci\u00f3n, en resposta \u00e1s recomendaci\u00f3ns da investigaci\u00f3n independente de GCPS Consulting. Est\u00e1n a disposici\u00f3n de todos os membros do Movemento cursos e ferramentas formativas de protecci\u00f3n persoal, especialmente formadores e coidadores de menores. Xa se puxeron en marcha actividades de formaci\u00f3n para dirixentes do Movemento a distintos niveis, dende a direcci\u00f3n central ata os responsables territoriais das distintas \u00e1reas xeogr\u00e1ficas. O 1 de maio de 2023 entrar\u00e1 en funcionamento a Comisi\u00f3n Central Independente e rematar\u00e1 o traballo de CO.BE.TU. O novo \u00f3rgano encargarase exclusivamente da tramitaci\u00f3n das notificaci\u00f3ns, mentres que a formaci\u00f3n ser\u00e1 coordinada a nivel central e local por outro equipo de expertos e consultores. O informe tam\u00e9n presenta o Protocolo para a Xesti\u00f3n de Casos de Abuso no Movemento dos Focolares, as Competencias da Comisi\u00f3n Central Independente e as Li\u00f1as de Apoio e Reparaci\u00f3n Financeira en Casos de Abuso Sexual de Menores e Adultos Vulnerables. No que respecta aos procedementos de notificaci\u00f3n, denuncia e investigaci\u00f3n nos pa\u00edses onde a denuncia \u00e9 obrigatoria, a notificaci\u00f3n transm\u00edtese inmediatamente \u00e1s autoridades xudiciais. Se a lexislaci\u00f3n nacional non prev\u00e9 a obrigatoriedade da denuncia, pero os feitos non obstante son constitutivos de delito, a comisi\u00f3n presentar\u00e1 a denuncia ante as autoridades xudiciais inmediatamente despois de comprobar a verosimilitud dos feitos, salvo que a v\u00edtima ou os seus pais se opo\u00f1an. De conformidade coas normas xur\u00eddicas internacionais, tam\u00e9n se notificar\u00e1 un abuso a\u00ednda que expirase o prazo de prescrici\u00f3n. Descarga o informe en PDF sobre o tratamento dos casos de abuso no Movemento dos Focolares.<\/p>","protected":false},"author":3,"featured_media":4599,"comment_status":"open","ping_status":"closed","sticky":false,"template":"","format":"standard","meta":{"_price":"","_stock":"","_tribe_ticket_header":"","_tribe_default_ticket_provider":"","_tribe_ticket_capacity":"0","_ticket_start_date":"","_ticket_end_date":"","_tribe_ticket_show_description":"","_tribe_ticket_show_not_going":false,"_tribe_ticket_use_global_stock":"","_tribe_ticket_global_stock_level":"","_global_stock_mode":"","_global_stock_cap":"","_tribe_rsvp_for_event":"","_tribe_ticket_going_count":"","_tribe_ticket_not_going_count":"","_tribe_tickets_list":"[]","_tribe_ticket_has_attendee_info_fields":false,"footnotes":""},"categories":[1],"tags":[41],"class_list":["post-4598","post","type-post","status-publish","format-standard","has-post-thumbnail","hentry","category-uncategorized","tag-entornos-seguros"],"yoast_head":"<!-- This site is optimized with the Yoast SEO plugin v27.2 - https:\/\/yoast.com\/product\/yoast-seo-wordpress\/ -->\n<title>Hacia una cultura de la protecci\u00f3n integral de la persona - Movimiento de los Focolares<\/title>\n<meta name=\"robots\" content=\"index, follow, max-snippet:-1, max-image-preview:large, max-video-preview:-1\" \/>\n<link rel=\"canonical\" href=\"https:\/\/focolares.es\/gl\/cara-a-unha-cultura-de-proteccion-integral-da-persoa\/\" \/>\n<meta property=\"og:locale\" content=\"gl_ES\" \/>\n<meta property=\"og:type\" content=\"article\" \/>\n<meta property=\"og:title\" content=\"Hacia una cultura de la protecci\u00f3n integral de la persona - Movimiento de los Focolares\" \/>\n<meta property=\"og:description\" content=\"El&nbsp;Movimiento de los Focolares&nbsp;publica el primer informe sobre casos de abusos a menores y adultos vulnerables, incluyendo abusos espirituales y de autoridad ocurridos en el \u00e1mbito del Movimiento. Recoge tambi\u00e9n informaci\u00f3n referente a medidas de reparaci\u00f3n, nuevos procedimientos de investigaci\u00f3n y actividades formativas destinadas a la protecci\u00f3n de la persona. Dicho informe comienza con una carta de&nbsp;Margaret Karram&nbsp;y&nbsp;Jes\u00fas Mor\u00e1n, Presidenta y Copresidente de los&nbsp;Focolares: \u00abLes escribimos para&nbsp;presentar&nbsp;un informe p\u00fablico sobre los datos relativos a las notificaciones&nbsp;y las medidas que hemos emprendido como Movimiento de los Focolares, a causa de la llaga de los abusos sexuales a&nbsp;menores y a&nbsp;personas vulnerables; y abusos de conciencia, espirituales y de autoridad sobre adultos, de los que tampoco&nbsp;nosotros hemos quedado indemnes\u00bb. El documento&nbsp;Hacia una cultura de la protecci\u00f3n integral de la persona, se renovar\u00e1 anualmente y se publica un a\u00f1o despu\u00e9s de la divulgaci\u00f3n de los resultados de la investigaci\u00f3n realizada por&nbsp;GCPS Consulting&nbsp;sobre los graves casos de abuso sexual cometidos por un ex focolarino franc\u00e9s. El&nbsp;Movimiento de los Focolares&nbsp;trabaja para adoptar las medidas necesarias que garanticen la prevenci\u00f3n y protecci\u00f3n integral de la persona en todos los \u00e1mbitos y entornos en los que se desarrollan sus actividades. Por ello, el documento que ahora se publica \u2012explican la Presidenta y el Copresidente de los&nbsp;Focolares\u2012, \u00abes un primer informe sobre las medidas de prevenci\u00f3n, investigaci\u00f3n, transparencia, formaci\u00f3n y cambio, emprendidas por el Movimiento de los Focolares, para contrarrestar este crimen\u00bb. La Presidenta y el Copresidente piden sinceramente perd\u00f3n a cada una de las v\u00edctimas y de los sobrevivientes en nombre del&nbsp;Movimiento de los Focolares,&nbsp;al tiempo que les expresan un profundo agradecimiento, as\u00ed como a las v\u00edctimas, familias y a las comunidades implicadas no solo en Francia, sino en todos los pa\u00edses en los que han emergido casos de abusos, porque gracias a su cooperaci\u00f3n y, sobre todo, a su valent\u00eda para afrontar y sacar a la luz estos cr\u00edmenes, el&nbsp;Movimiento&nbsp;est\u00e1 llevando a cabo m\u00e1s conscientemente nuevos compromisos y procedimientos en lo que se refiere a la protecci\u00f3n de las personas. El informe consta de varias partes y presenta los datos relativos a los abusos notificados a la&nbsp;Comisi\u00f3n para el Bienestar y la Protecci\u00f3n de la Persona&nbsp;(CO.BE.TU.) desde el a\u00f1o de su creaci\u00f3n, 2014; por tanto, recopila sistem\u00e1ticamente las notificaciones hasta diciembre de 2022.&nbsp; El informe tambi\u00e9n presenta datos relativos a los \u00abcursos b\u00e1sicos sobre la protecci\u00f3n de la persona\u00bb realizados en los diferentes pa\u00edses en los que trabaja el&nbsp;Movimiento de los Focolares. Otra secci\u00f3n est\u00e1 dedicada a las medidas prioritarias ya en acto o en proceso de implementaci\u00f3n, como respuesta a las recomendaciones de la investigaci\u00f3n independiente de&nbsp;GCPS Consulting. Los cursos y las herramientas de formaci\u00f3n para la protecci\u00f3n de la persona, est\u00e1n a disposici\u00f3n de todos los miembros del&nbsp;Movimiento, especialmente de los formadores y acompa\u00f1antes de los menores. Ya se han puesto en marcha actividades de formaci\u00f3n para los responsables del&nbsp;Movimiento&nbsp;a distintos niveles: desde la direcci\u00f3n central hasta los responsables territoriales en las distintas zonas geogr\u00e1ficas. El 1 de mayo de 2023, entrar\u00e1 en funci\u00f3n la&nbsp;Comisi\u00f3n Independiente Central&nbsp;y finalizar\u00e1 la tarea de la&nbsp;CO.BE.TU.&nbsp;El nuevo organismo se ocupar\u00e1 exclusivamente de la tramitaci\u00f3n de las notificaciones, mientras que la formaci\u00f3n ser\u00e1 coordinada a nivel central y local por otro equipo de expertos y consultores. El informe presenta tambi\u00e9n el&nbsp;Protocolo para la gesti\u00f3n de los casos de abusos en el Movimiento de los Focolares, las&nbsp;Competencias de la Comisi\u00f3n Independiente Central&nbsp;y las&nbsp;L\u00edneas de apoyo y reparaci\u00f3n econ\u00f3mica en casos de abusos sexuales a menores y adultos vulnerables. En lo que concierne a los procedimientos de notificaci\u00f3n, denuncia e investigaci\u00f3n en los pa\u00edses en los que la denuncia es obligatoria, la notificaci\u00f3n se transmite inmediatamente a las autoridades judiciales. Si la legislaci\u00f3n nacional no prev\u00e9 la denuncia obligatoria, pero los hechos constituyen de todos modos un delito, la comisi\u00f3n presentar\u00e1 la denuncia a las autoridades judiciales inmediatamente despu\u00e9s de comprobar la verosimilitud de los hechos, a menos que la v\u00edctima o sus padres se opongan a ello. De acuerdo con las normas legislativas internacionales, la notificaci\u00f3n de un abuso tambi\u00e9n tendr\u00e1 lugar, aunque el delito ya haya prescrito. Descargar en PDF el Informe sobre la gesti\u00f3n de los casos de abusos en el Movimiento de los Focolares\" \/>\n<meta property=\"og:url\" content=\"https:\/\/focolares.es\/gl\/cara-a-unha-cultura-de-proteccion-integral-da-persoa\/\" \/>\n<meta property=\"og:site_name\" content=\"Movimiento de los Focolares\" \/>\n<meta property=\"article:published_time\" content=\"2023-04-03T07:56:44+00:00\" \/>\n<meta property=\"article:modified_time\" content=\"2026-04-17T19:53:04+00:00\" \/>\n<meta property=\"og:image\" content=\"https:\/\/focolares.es\/wp-content\/uploads\/2024\/03\/Proteccion-integral.jpg\" \/>\n\t<meta property=\"og:image:width\" content=\"792\" \/>\n\t<meta property=\"og:image:height\" content=\"549\" \/>\n\t<meta property=\"og:image:type\" content=\"image\/jpeg\" \/>\n<meta name=\"author\" content=\"Jordi Illa\" \/>\n<meta name=\"twitter:card\" content=\"summary_large_image\" \/>\n<meta name=\"twitter:label1\" content=\"Escrito por\" \/>\n\t<meta name=\"twitter:data1\" content=\"Jordi Illa\" \/>\n\t<meta name=\"twitter:label2\" content=\"Tempo de lectura\" \/>\n\t<meta name=\"twitter:data2\" content=\"4 minutos\" \/>\n<script type=\"application\/ld+json\" class=\"yoast-schema-graph\">{\"@context\":\"https:\/\/schema.org\",\"@graph\":[{\"@type\":\"Article\",\"@id\":\"https:\/\/focolares.es\/hacia-una-cultura-de-la-proteccion-integral-de-la-persona\/#article\",\"isPartOf\":{\"@id\":\"https:\/\/focolares.es\/hacia-una-cultura-de-la-proteccion-integral-de-la-persona\/\"},\"author\":{\"name\":\"Jordi Illa\",\"@id\":\"https:\/\/focolares.es\/#\/schema\/person\/126bed8dcef374cce0a19e99bfdc4fcd\"},\"headline\":\"Hacia una cultura de la protecci\u00f3n integral de la persona\",\"datePublished\":\"2023-04-03T07:56:44+00:00\",\"dateModified\":\"2026-04-17T19:53:04+00:00\",\"mainEntityOfPage\":{\"@id\":\"https:\/\/focolares.es\/hacia-una-cultura-de-la-proteccion-integral-de-la-persona\/\"},\"wordCount\":851,\"commentCount\":0,\"publisher\":{\"@id\":\"https:\/\/focolares.es\/#organization\"},\"image\":{\"@id\":\"https:\/\/focolares.es\/hacia-una-cultura-de-la-proteccion-integral-de-la-persona\/#primaryimage\"},\"thumbnailUrl\":\"https:\/\/focolares.es\/wp-content\/uploads\/2024\/03\/Proteccion-integral.jpg\",\"keywords\":[\"Entornos seguros\"],\"articleSection\":[\"Uncategorized\"],\"inLanguage\":\"gl-ES\",\"potentialAction\":[{\"@type\":\"CommentAction\",\"name\":\"Comment\",\"target\":[\"https:\/\/focolares.es\/hacia-una-cultura-de-la-proteccion-integral-de-la-persona\/#respond\"]}]},{\"@type\":\"WebPage\",\"@id\":\"https:\/\/focolares.es\/hacia-una-cultura-de-la-proteccion-integral-de-la-persona\/\",\"url\":\"https:\/\/focolares.es\/hacia-una-cultura-de-la-proteccion-integral-de-la-persona\/\",\"name\":\"Hacia una cultura de la protecci\u00f3n integral de la persona - Movimiento de los Focolares\",\"isPartOf\":{\"@id\":\"https:\/\/focolares.es\/#website\"},\"primaryImageOfPage\":{\"@id\":\"https:\/\/focolares.es\/hacia-una-cultura-de-la-proteccion-integral-de-la-persona\/#primaryimage\"},\"image\":{\"@id\":\"https:\/\/focolares.es\/hacia-una-cultura-de-la-proteccion-integral-de-la-persona\/#primaryimage\"},\"thumbnailUrl\":\"https:\/\/focolares.es\/wp-content\/uploads\/2024\/03\/Proteccion-integral.jpg\",\"datePublished\":\"2023-04-03T07:56:44+00:00\",\"dateModified\":\"2026-04-17T19:53:04+00:00\",\"breadcrumb\":{\"@id\":\"https:\/\/focolares.es\/hacia-una-cultura-de-la-proteccion-integral-de-la-persona\/#breadcrumb\"},\"inLanguage\":\"gl-ES\",\"potentialAction\":[{\"@type\":\"ReadAction\",\"target\":[\"https:\/\/focolares.es\/hacia-una-cultura-de-la-proteccion-integral-de-la-persona\/\"]}]},{\"@type\":\"ImageObject\",\"inLanguage\":\"gl-ES\",\"@id\":\"https:\/\/focolares.es\/hacia-una-cultura-de-la-proteccion-integral-de-la-persona\/#primaryimage\",\"url\":\"https:\/\/focolares.es\/wp-content\/uploads\/2024\/03\/Proteccion-integral.jpg\",\"contentUrl\":\"https:\/\/focolares.es\/wp-content\/uploads\/2024\/03\/Proteccion-integral.jpg\",\"width\":792,\"height\":549},{\"@type\":\"BreadcrumbList\",\"@id\":\"https:\/\/focolares.es\/hacia-una-cultura-de-la-proteccion-integral-de-la-persona\/#breadcrumb\",\"itemListElement\":[{\"@type\":\"ListItem\",\"position\":1,\"name\":\"Portada\",\"item\":\"https:\/\/focolares.es\/\"},{\"@type\":\"ListItem\",\"position\":2,\"name\":\"Hacia una cultura de la protecci\u00f3n integral de la persona\"}]},{\"@type\":\"WebSite\",\"@id\":\"https:\/\/focolares.es\/#website\",\"url\":\"https:\/\/focolares.es\/\",\"name\":\"Movimiento de los Focolares\",\"description\":\"\",\"publisher\":{\"@id\":\"https:\/\/focolares.es\/#organization\"},\"potentialAction\":[{\"@type\":\"SearchAction\",\"target\":{\"@type\":\"EntryPoint\",\"urlTemplate\":\"https:\/\/focolares.es\/?s={search_term_string}\"},\"query-input\":{\"@type\":\"PropertyValueSpecification\",\"valueRequired\":true,\"valueName\":\"search_term_string\"}}],\"inLanguage\":\"gl-ES\"},{\"@type\":\"Organization\",\"@id\":\"https:\/\/focolares.es\/#organization\",\"name\":\"Movimiento de los Focolares\",\"url\":\"https:\/\/focolares.es\/\",\"logo\":{\"@type\":\"ImageObject\",\"inLanguage\":\"gl-ES\",\"@id\":\"https:\/\/focolares.es\/#\/schema\/logo\/image\/\",\"url\":\"https:\/\/focolares.es\/wp-content\/uploads\/2024\/03\/Logo_focolares-1024x944-1.jpg\",\"contentUrl\":\"https:\/\/focolares.es\/wp-content\/uploads\/2024\/03\/Logo_focolares-1024x944-1.jpg\",\"width\":1024,\"height\":944,\"caption\":\"Movimiento de los Focolares\"},\"image\":{\"@id\":\"https:\/\/focolares.es\/#\/schema\/logo\/image\/\"}},{\"@type\":\"Person\",\"@id\":\"https:\/\/focolares.es\/#\/schema\/person\/126bed8dcef374cce0a19e99bfdc4fcd\",\"name\":\"Jordi Illa\",\"image\":{\"@type\":\"ImageObject\",\"inLanguage\":\"gl-ES\",\"@id\":\"https:\/\/focolares.es\/wp-content\/litespeed\/avatar\/e8decbc8631810d24ab614c6ffa68ee7.jpg?ver=1777387854\",\"url\":\"https:\/\/focolares.es\/wp-content\/litespeed\/avatar\/e8decbc8631810d24ab614c6ffa68ee7.jpg?ver=1777387854\",\"contentUrl\":\"https:\/\/focolares.es\/wp-content\/litespeed\/avatar\/e8decbc8631810d24ab614c6ffa68ee7.jpg?ver=1777387854\",\"caption\":\"Jordi Illa\"},\"url\":\"https:\/\/focolares.es\/gl\/author\/jordi\/\"}]}<\/script>\n<!-- \/ Yoast SEO plugin. -->","yoast_head_json":{"title":"Cara a unha cultura de protecci\u00f3n integral da persoa - Movemento dos Focolares","robots":{"index":"index","follow":"follow","max-snippet":"max-snippet:-1","max-image-preview":"max-image-preview:large","max-video-preview":"max-video-preview:-1"},"canonical":"https:\/\/focolares.es\/gl\/cara-a-unha-cultura-de-proteccion-integral-da-persoa\/","og_locale":"gl_ES","og_type":"article","og_title":"Hacia una cultura de la protecci\u00f3n integral de la persona - Movimiento de los Focolares","og_description":"El&nbsp;Movimiento de los Focolares&nbsp;publica el primer informe sobre casos de abusos a menores y adultos vulnerables, incluyendo abusos espirituales y de autoridad ocurridos en el \u00e1mbito del Movimiento. Recoge tambi\u00e9n informaci\u00f3n referente a medidas de reparaci\u00f3n, nuevos procedimientos de investigaci\u00f3n y actividades formativas destinadas a la protecci\u00f3n de la persona. Dicho informe comienza con una carta de&nbsp;Margaret Karram&nbsp;y&nbsp;Jes\u00fas Mor\u00e1n, Presidenta y Copresidente de los&nbsp;Focolares: \u00abLes escribimos para&nbsp;presentar&nbsp;un informe p\u00fablico sobre los datos relativos a las notificaciones&nbsp;y las medidas que hemos emprendido como Movimiento de los Focolares, a causa de la llaga de los abusos sexuales a&nbsp;menores y a&nbsp;personas vulnerables; y abusos de conciencia, espirituales y de autoridad sobre adultos, de los que tampoco&nbsp;nosotros hemos quedado indemnes\u00bb. El documento&nbsp;Hacia una cultura de la protecci\u00f3n integral de la persona, se renovar\u00e1 anualmente y se publica un a\u00f1o despu\u00e9s de la divulgaci\u00f3n de los resultados de la investigaci\u00f3n realizada por&nbsp;GCPS Consulting&nbsp;sobre los graves casos de abuso sexual cometidos por un ex focolarino franc\u00e9s. El&nbsp;Movimiento de los Focolares&nbsp;trabaja para adoptar las medidas necesarias que garanticen la prevenci\u00f3n y protecci\u00f3n integral de la persona en todos los \u00e1mbitos y entornos en los que se desarrollan sus actividades. Por ello, el documento que ahora se publica \u2012explican la Presidenta y el Copresidente de los&nbsp;Focolares\u2012, \u00abes un primer informe sobre las medidas de prevenci\u00f3n, investigaci\u00f3n, transparencia, formaci\u00f3n y cambio, emprendidas por el Movimiento de los Focolares, para contrarrestar este crimen\u00bb. La Presidenta y el Copresidente piden sinceramente perd\u00f3n a cada una de las v\u00edctimas y de los sobrevivientes en nombre del&nbsp;Movimiento de los Focolares,&nbsp;al tiempo que les expresan un profundo agradecimiento, as\u00ed como a las v\u00edctimas, familias y a las comunidades implicadas no solo en Francia, sino en todos los pa\u00edses en los que han emergido casos de abusos, porque gracias a su cooperaci\u00f3n y, sobre todo, a su valent\u00eda para afrontar y sacar a la luz estos cr\u00edmenes, el&nbsp;Movimiento&nbsp;est\u00e1 llevando a cabo m\u00e1s conscientemente nuevos compromisos y procedimientos en lo que se refiere a la protecci\u00f3n de las personas. El informe consta de varias partes y presenta los datos relativos a los abusos notificados a la&nbsp;Comisi\u00f3n para el Bienestar y la Protecci\u00f3n de la Persona&nbsp;(CO.BE.TU.) desde el a\u00f1o de su creaci\u00f3n, 2014; por tanto, recopila sistem\u00e1ticamente las notificaciones hasta diciembre de 2022.&nbsp; El informe tambi\u00e9n presenta datos relativos a los \u00abcursos b\u00e1sicos sobre la protecci\u00f3n de la persona\u00bb realizados en los diferentes pa\u00edses en los que trabaja el&nbsp;Movimiento de los Focolares. Otra secci\u00f3n est\u00e1 dedicada a las medidas prioritarias ya en acto o en proceso de implementaci\u00f3n, como respuesta a las recomendaciones de la investigaci\u00f3n independiente de&nbsp;GCPS Consulting. Los cursos y las herramientas de formaci\u00f3n para la protecci\u00f3n de la persona, est\u00e1n a disposici\u00f3n de todos los miembros del&nbsp;Movimiento, especialmente de los formadores y acompa\u00f1antes de los menores. Ya se han puesto en marcha actividades de formaci\u00f3n para los responsables del&nbsp;Movimiento&nbsp;a distintos niveles: desde la direcci\u00f3n central hasta los responsables territoriales en las distintas zonas geogr\u00e1ficas. El 1 de mayo de 2023, entrar\u00e1 en funci\u00f3n la&nbsp;Comisi\u00f3n Independiente Central&nbsp;y finalizar\u00e1 la tarea de la&nbsp;CO.BE.TU.&nbsp;El nuevo organismo se ocupar\u00e1 exclusivamente de la tramitaci\u00f3n de las notificaciones, mientras que la formaci\u00f3n ser\u00e1 coordinada a nivel central y local por otro equipo de expertos y consultores. El informe presenta tambi\u00e9n el&nbsp;Protocolo para la gesti\u00f3n de los casos de abusos en el Movimiento de los Focolares, las&nbsp;Competencias de la Comisi\u00f3n Independiente Central&nbsp;y las&nbsp;L\u00edneas de apoyo y reparaci\u00f3n econ\u00f3mica en casos de abusos sexuales a menores y adultos vulnerables. En lo que concierne a los procedimientos de notificaci\u00f3n, denuncia e investigaci\u00f3n en los pa\u00edses en los que la denuncia es obligatoria, la notificaci\u00f3n se transmite inmediatamente a las autoridades judiciales. Si la legislaci\u00f3n nacional no prev\u00e9 la denuncia obligatoria, pero los hechos constituyen de todos modos un delito, la comisi\u00f3n presentar\u00e1 la denuncia a las autoridades judiciales inmediatamente despu\u00e9s de comprobar la verosimilitud de los hechos, a menos que la v\u00edctima o sus padres se opongan a ello. De acuerdo con las normas legislativas internacionales, la notificaci\u00f3n de un abuso tambi\u00e9n tendr\u00e1 lugar, aunque el delito ya haya prescrito. Descargar en PDF el Informe sobre la gesti\u00f3n de los casos de abusos en el Movimiento de los Focolares","og_url":"https:\/\/focolares.es\/gl\/cara-a-unha-cultura-de-proteccion-integral-da-persoa\/","og_site_name":"Movimiento de los Focolares","article_published_time":"2023-04-03T07:56:44+00:00","article_modified_time":"2026-04-17T19:53:04+00:00","og_image":[{"width":792,"height":549,"url":"https:\/\/focolares.es\/wp-content\/uploads\/2024\/03\/Proteccion-integral.jpg","type":"image\/jpeg"}],"author":"Jordi Illa","twitter_card":"summary_large_image","twitter_misc":{"Escrito por":"Jordi Illa","Tempo de lectura":"4 minutos"},"schema":{"@context":"https:\/\/schema.org","@graph":[{"@type":"Article","@id":"https:\/\/focolares.es\/hacia-una-cultura-de-la-proteccion-integral-de-la-persona\/#article","isPartOf":{"@id":"https:\/\/focolares.es\/hacia-una-cultura-de-la-proteccion-integral-de-la-persona\/"},"author":{"name":"Jordi Illa","@id":"https:\/\/focolares.es\/#\/schema\/person\/126bed8dcef374cce0a19e99bfdc4fcd"},"headline":"Hacia una cultura de la protecci\u00f3n integral de la persona","datePublished":"2023-04-03T07:56:44+00:00","dateModified":"2026-04-17T19:53:04+00:00","mainEntityOfPage":{"@id":"https:\/\/focolares.es\/hacia-una-cultura-de-la-proteccion-integral-de-la-persona\/"},"wordCount":851,"commentCount":0,"publisher":{"@id":"https:\/\/focolares.es\/#organization"},"image":{"@id":"https:\/\/focolares.es\/hacia-una-cultura-de-la-proteccion-integral-de-la-persona\/#primaryimage"},"thumbnailUrl":"https:\/\/focolares.es\/wp-content\/uploads\/2024\/03\/Proteccion-integral.jpg","keywords":["Entornos seguros"],"articleSection":["Uncategorized"],"inLanguage":"gl-ES","potentialAction":[{"@type":"CommentAction","name":"Comment","target":["https:\/\/focolares.es\/hacia-una-cultura-de-la-proteccion-integral-de-la-persona\/#respond"]}]},{"@type":"WebPage","@id":"https:\/\/focolares.es\/hacia-una-cultura-de-la-proteccion-integral-de-la-persona\/","url":"https:\/\/focolares.es\/hacia-una-cultura-de-la-proteccion-integral-de-la-persona\/","name":"Cara a unha cultura de protecci\u00f3n integral da persoa - Movemento dos Focolares","isPartOf":{"@id":"https:\/\/focolares.es\/#website"},"primaryImageOfPage":{"@id":"https:\/\/focolares.es\/hacia-una-cultura-de-la-proteccion-integral-de-la-persona\/#primaryimage"},"image":{"@id":"https:\/\/focolares.es\/hacia-una-cultura-de-la-proteccion-integral-de-la-persona\/#primaryimage"},"thumbnailUrl":"https:\/\/focolares.es\/wp-content\/uploads\/2024\/03\/Proteccion-integral.jpg","datePublished":"2023-04-03T07:56:44+00:00","dateModified":"2026-04-17T19:53:04+00:00","breadcrumb":{"@id":"https:\/\/focolares.es\/hacia-una-cultura-de-la-proteccion-integral-de-la-persona\/#breadcrumb"},"inLanguage":"gl-ES","potentialAction":[{"@type":"ReadAction","target":["https:\/\/focolares.es\/hacia-una-cultura-de-la-proteccion-integral-de-la-persona\/"]}]},{"@type":"ImageObject","inLanguage":"gl-ES","@id":"https:\/\/focolares.es\/hacia-una-cultura-de-la-proteccion-integral-de-la-persona\/#primaryimage","url":"https:\/\/focolares.es\/wp-content\/uploads\/2024\/03\/Proteccion-integral.jpg","contentUrl":"https:\/\/focolares.es\/wp-content\/uploads\/2024\/03\/Proteccion-integral.jpg","width":792,"height":549},{"@type":"BreadcrumbList","@id":"https:\/\/focolares.es\/hacia-una-cultura-de-la-proteccion-integral-de-la-persona\/#breadcrumb","itemListElement":[{"@type":"ListItem","position":1,"name":"Portada","item":"https:\/\/focolares.es\/"},{"@type":"ListItem","position":2,"name":"Hacia una cultura de la protecci\u00f3n integral de la persona"}]},{"@type":"WebSite","@id":"https:\/\/focolares.es\/#website","url":"https:\/\/focolares.es\/","name":"Movemento dos Focolares","description":"","publisher":{"@id":"https:\/\/focolares.es\/#organization"},"potentialAction":[{"@type":"SearchAction","target":{"@type":"EntryPoint","urlTemplate":"https:\/\/focolares.es\/?s={search_term_string}"},"query-input":{"@type":"PropertyValueSpecification","valueRequired":true,"valueName":"search_term_string"}}],"inLanguage":"gl-ES"},{"@type":"Organization","@id":"https:\/\/focolares.es\/#organization","name":"Movemento dos Focolares","url":"https:\/\/focolares.es\/","logo":{"@type":"ImageObject","inLanguage":"gl-ES","@id":"https:\/\/focolares.es\/#\/schema\/logo\/image\/","url":"https:\/\/focolares.es\/wp-content\/uploads\/2024\/03\/Logo_focolares-1024x944-1.jpg","contentUrl":"https:\/\/focolares.es\/wp-content\/uploads\/2024\/03\/Logo_focolares-1024x944-1.jpg","width":1024,"height":944,"caption":"Movimiento de los Focolares"},"image":{"@id":"https:\/\/focolares.es\/#\/schema\/logo\/image\/"}},{"@type":"Person","@id":"https:\/\/focolares.es\/#\/schema\/person\/126bed8dcef374cce0a19e99bfdc4fcd","name":"Jordi Illa","image":{"@type":"ImageObject","inLanguage":"gl-ES","@id":"https:\/\/focolares.es\/wp-content\/litespeed\/avatar\/e8decbc8631810d24ab614c6ffa68ee7.jpg?ver=1777387854","url":"https:\/\/focolares.es\/wp-content\/litespeed\/avatar\/e8decbc8631810d24ab614c6ffa68ee7.jpg?ver=1777387854","contentUrl":"https:\/\/focolares.es\/wp-content\/litespeed\/avatar\/e8decbc8631810d24ab614c6ffa68ee7.jpg?ver=1777387854","caption":"Jordi Illa"},"url":"https:\/\/focolares.es\/gl\/author\/jordi\/"}]}},"views":20,"_links":{"self":[{"href":"https:\/\/focolares.es\/gl\/wp-json\/wp\/v2\/posts\/4598","targetHints":{"allow":["GET"]}}],"collection":[{"href":"https:\/\/focolares.es\/gl\/wp-json\/wp\/v2\/posts"}],"about":[{"href":"https:\/\/focolares.es\/gl\/wp-json\/wp\/v2\/types\/post"}],"author":[{"embeddable":true,"href":"https:\/\/focolares.es\/gl\/wp-json\/wp\/v2\/users\/3"}],"replies":[{"embeddable":true,"href":"https:\/\/focolares.es\/gl\/wp-json\/wp\/v2\/comments?post=4598"}],"version-history":[{"count":1,"href":"https:\/\/focolares.es\/gl\/wp-json\/wp\/v2\/posts\/4598\/revisions"}],"predecessor-version":[{"id":4600,"href":"https:\/\/focolares.es\/gl\/wp-json\/wp\/v2\/posts\/4598\/revisions\/4600"}],"wp:featuredmedia":[{"embeddable":true,"href":"https:\/\/focolares.es\/gl\/wp-json\/wp\/v2\/media\/4599"}],"wp:attachment":[{"href":"https:\/\/focolares.es\/gl\/wp-json\/wp\/v2\/media?parent=4598"}],"wp:term":[{"taxonomy":"category","embeddable":true,"href":"https:\/\/focolares.es\/gl\/wp-json\/wp\/v2\/categories?post=4598"},{"taxonomy":"post_tag","embeddable":true,"href":"https:\/\/focolares.es\/gl\/wp-json\/wp\/v2\/tags?post=4598"}],"curies":[{"name":"wp","href":"https:\/\/api.w.org\/{rel}","templated":true}]}}