{"id":5034,"date":"2021-05-26T22:51:00","date_gmt":"2021-05-26T20:51:00","guid":{"rendered":"https:\/\/focolares.es\/?p=5034"},"modified":"2024-03-13T22:59:22","modified_gmt":"2024-03-13T21:59:22","slug":"carne-de-identidade-da-economia-de-comunon","status":"publish","type":"post","link":"https:\/\/focolares.es\/gl\/carta-de-identidad-de-la-economia-de-comunion\/","title":{"rendered":"Carn\u00e9 de Identidade da Econom\u00eda de Comuni\u00f3n"},"content":{"rendered":"<ol class=\"wp-block-list\">\n<li>A Econom\u00eda de Comuni\u00f3n (EdC) \u00e9 un movemento que re\u00fane a empresarios, empresas, asociaci\u00f3ns e instituci\u00f3ns econ\u00f3micas, as\u00ed como a traballadores, xestores, consumidores, aforradores, estudosos, operadores econ\u00f3micos, pobres, cidad\u00e1ns e familias. Naceu de Chiara Lubich en maio de 1991 en S\u00e3o Paulo (Brasil).&nbsp;<strong>A s\u00faa finalidade \u00e9 contribu\u00edr<\/strong>, \u00e1 luz do Carisma da Unidade,&nbsp;<strong>dar vida a empresas fraternas<\/strong>&nbsp;que senten que \u00e9 a s\u00faa misi\u00f3n erradicar a miseria e a inxustiza social, contribu\u00edndo a constru\u00edr un sistema econ\u00f3mico e unha sociedade humana de comu\u00f1\u00f3n, a imitaci\u00f3n da primeira comunidade cristi\u00e1 de Xerusal\u00e9n, onde&quot;<em>entre eles non hab\u00eda ningu\u00e9n necesitado<\/em>&quot;(<em>Hch<\/em>&nbsp;4,32-34).<\/li>\n\n\n\n<li><strong>A EdC \u00e9 unha realidade \u00fanica e global<\/strong>, coordinada por unha Comisi\u00f3n Central e por Comisi\u00f3ns Locais, vinculadas \u00e1 Comisi\u00f3n Central en base ao principio de subsidiariedade.<\/li>\n\n\n\n<li><strong>OMS<\/strong>&nbsp;<strong>adherirse \u00e1 EdC<\/strong>a calquera nivel,&nbsp;<strong>Comprom\u00e9tense a vivir os valores e a cultura da comu\u00f1\u00f3n \u00e1 luz do carisma da unidade<\/strong>, persoalmente e dentro das organizaci\u00f3ns nas que act\u00faan, convert\u00e9ndose nos seus animadores e promotores. En particular, comprom\u00e9tense, a trav\u00e9s de ideas e acci\u00f3ns, a que a cultura da comu\u00f1\u00f3n, da donaci\u00f3n e da reciprocidade penetre cada vez m\u00e1is no mundo da econom\u00eda e o impregne a todos os niveis.<\/li>\n\n\n\n<li><strong>O eixe vertebrador da EdC est\u00e1 formado por empresas ou organizaci\u00f3ns produtivas<\/strong>&nbsp;con diferentes formas xur\u00eddicas, inclu\u00eddas as sen \u00e1nimo de lucro,&nbsp;<strong>que deciden po\u00f1er en pr\u00e1ctica a cultura e os valores da EdC<\/strong>.<\/li>\n\n\n\n<li><strong>As empresas EdC apostan por xerar riqueza e crear emprego<\/strong>&nbsp;con creatividade e innovaci\u00f3n, as\u00ed como para compartir os seus beneficios para os fins da&nbsp;<em>Proxecto EdC<\/em>, mesmo f\u00f3ra do alcance dos seus intereses normais.<\/li>\n\n\n\n<li>Baseado na inspiraci\u00f3n orixinal,&nbsp;<strong>O EdC d\u00e1 vida aos parques empresariais<\/strong>&nbsp;(chamados polacos), principalmente nas Cidad\u00e1s do&nbsp;<em>Movemento dos Focolares<\/em>, na que se integran. Estes parques empresariais, sinais do testemu\u00f1o e concreci\u00f3n do proxecto, son a&nbsp;<strong>compo\u00f1ente esencial da EdC<\/strong>&nbsp;e completar o proxecto nunha rexi\u00f3n e\/ou pa\u00eds espec\u00edficos.<\/li>\n\n\n\n<li><strong>A solicitude de adhesi\u00f3n \u00e1 EdC<\/strong>&nbsp;de persoas e\/ou instituci\u00f3ns que hai&nbsp;<strong>dirixilo \u00e1 comisi\u00f3n local<\/strong>, quen o concede sempre que se cumpran os seguintes&nbsp;<strong>requisitos<\/strong>:<\/li>\n<\/ol>\n\n\n\n<p>a)&nbsp;<strong>un compromiso serio por parte do emprendedor ou emprendedores para iniciar un cami\u00f1o de comu\u00f1\u00f3n<\/strong>&nbsp;coa comisi\u00f3n local e con todo o movemento EdC a nivel local e internacional, non s\u00f3 como persoa sen\u00f3n, no caso de empresario, como representante do empresariado;<\/p>\n\n\n\n<p>b)&nbsp;<strong>compartir os obxectivos do proxecto<\/strong>&nbsp;e os fins do Carisma da Unidade do que a EdC \u00e9 expresi\u00f3n;<\/p>\n\n\n\n<p>c)&nbsp;<strong>estar aberto a asignar os beneficios da empresa<\/strong>, se se obt\u00e9n,&nbsp;<strong>aos tres obxectivos do proxecto<\/strong>, que son: axuda concreta aos necesitados, formaci\u00f3n de \u201chomes novos\u201d, desenvolvemento da empresa e\/ou remuneraci\u00f3n aos socios;<\/p>\n\n\n\n<p>d) Dirixir a empresa inspirada en irmandade, de acordo co establecido no documento \u201c<a href=\"https:\/\/www.edc-online.org\/es\/empresas\/lineas-para-dirigir-una-empresa.html\">Pautas para a xesti\u00f3n dunha empresa de EdC<\/a>\u201d;<\/p>\n\n\n\n<p>e) comprender e&nbsp;<strong>Vivir a relaci\u00f3n coas persoas necesitadas nun nivel substancial de dignidade, respecto, igualdade, reciprocidade e comu\u00f1\u00f3n.<\/strong>;<\/p>\n\n\n\n<p>F)&nbsp;<strong>concibir a propia empresa<\/strong>&nbsp;e\/ou actividade&nbsp;<strong>como lugar e instrumento para reducir o sen teito<\/strong>, a miseria e a inxustiza, tanto no contexto local como no global.<\/p>\n\n\n\n<ol class=\"wp-block-list\" start=\"8\">\n<li>A EdC d\u00e1 tam\u00e9n vida a un movemento de pensamentos e ideas, en aut\u00e9ntico di\u00e1logo coa cultura contempor\u00e1nea e coa econom\u00eda civil, solidaria e social a nivel local e internacional.<\/li>\n\n\n\n<li><strong>A EdC colabora<\/strong>&nbsp;coas iniciativas de diferentes i<strong>igrexas<\/strong>,&nbsp;<strong>relixi\u00f3ns<\/strong>&nbsp;e do&nbsp;<strong>sociedade civil e pol\u00edtica<\/strong>, que se senten como expresi\u00f3n vital e instrumento de unidade.<\/li>\n\n\n\n<li><strong>A EdC contrib\u00fae a que &quot;todos sexan un&quot;<\/strong>&nbsp;(Xn, 17,21).<\/li>\n<\/ol>\n\n\n\n<p><a href=\"https:\/\/www.edc-online.org\/es\/\">https:\/\/www.edc-online.org\/es\/<\/a><\/p>","protected":false},"excerpt":{"rendered":"<p>a) Un compromiso serio por parte do\/s empresario\/s para emprender un cami\u00f1o de comu\u00f1\u00f3n coa comisi\u00f3n local e con todo o movemento EdC a nivel local e internacional, non s\u00f3 como persoa sen\u00f3n, no caso de emprendedor, como representante do tecido empresarial; b) compartir os obxectivos do proxecto e os fins do Carisma da Unidade do que a EdC \u00e9 expresi\u00f3n; c) estar aberto a destinar os beneficios da empresa, se se obt\u00e9n, \u00e1s tres finalidades do proxecto, que son: axuda concreta aos necesitados, formaci\u00f3n de &quot;homes novos&quot;, desenvolvemento da empresa e\/ou retribuci\u00f3ns aos socios; d) xestionar a empresa inspirada na confraternidade, de acordo co documento \u00abDirectrices para a xesti\u00f3n dunha empresa EdC\u00bb; e) comprender e vivir a relaci\u00f3n coas persoas necesitadas nun nivel substancial de dignidade, respecto, igualdade, reciprocidade e comu\u00f1\u00f3n; f) concibir a propia empresa e\/ou actividade como un lugar e un instrumento para reducir a pobreza, a miseria e a inxustiza, tanto no contexto local como global. https:\/\/www.edc-online.org\/es\/<\/p>","protected":false},"author":1,"featured_media":5040,"comment_status":"open","ping_status":"closed","sticky":false,"template":"","format":"standard","meta":{"_price":"","_stock":"","_tribe_ticket_header":"","_tribe_default_ticket_provider":"","_tribe_ticket_capacity":"0","_ticket_start_date":"","_ticket_end_date":"","_tribe_ticket_show_description":"","_tribe_ticket_show_not_going":false,"_tribe_ticket_use_global_stock":"","_tribe_ticket_global_stock_level":"","_global_stock_mode":"","_global_stock_cap":"","_tribe_rsvp_for_event":"","_tribe_ticket_going_count":"","_tribe_ticket_not_going_count":"","_tribe_tickets_list":"[]","_tribe_ticket_has_attendee_info_fields":false,"footnotes":""},"categories":[1],"tags":[],"class_list":["post-5034","post","type-post","status-publish","format-standard","has-post-thumbnail","hentry","category-uncategorized"],"yoast_head":"<!-- This site is optimized with the Yoast SEO plugin v27.2 - https:\/\/yoast.com\/product\/yoast-seo-wordpress\/ -->\n<title>Carta de identidad de la Econom\u00eda de Comuni\u00f3n - Movimiento de los Focolares<\/title>\n<meta name=\"robots\" content=\"index, follow, max-snippet:-1, max-image-preview:large, max-video-preview:-1\" \/>\n<link rel=\"canonical\" href=\"https:\/\/focolares.es\/gl\/carne-de-identidade-da-economia-de-comunon\/\" \/>\n<meta property=\"og:locale\" content=\"gl_ES\" \/>\n<meta property=\"og:type\" content=\"article\" \/>\n<meta property=\"og:title\" content=\"Carta de identidad de la Econom\u00eda de Comuni\u00f3n - Movimiento de los Focolares\" \/>\n<meta property=\"og:description\" content=\"a)&nbsp;un compromiso serio por parte del empresario o empresarios de iniciar un camino de comuni\u00f3n&nbsp;con la comisi\u00f3n local y con todo el movimiento de la EdC a nivel local e internacional, no s\u00f3lo como persona sino, en caso de ser empresario, como representante de la comunidad empresarial; b)&nbsp;compartir los objetivos del proyecto&nbsp;y los fines del Carisma de la Unidad del que la EdC es expresi\u00f3n; c)&nbsp;estar abierto a destinar las ganancias de la empresa, en caso de obtenerse,&nbsp;a los tres fines del proyecto, que son: ayuda concreta a los necesitados, formaci\u00f3n de \u201chombres nuevos\u201d, desarrollo de la empresa y\/o retribuci\u00f3n a los socios; d) dirigir la empresa inspir\u00e1ndose en la fraternidad, de acuerdo con el documento \u201cl\u00edneas para dirigir una empresa de la EdC\u201d; e) entender y&nbsp;vivir la relaci\u00f3n con las personas en situaci\u00f3n de necesidad en un plano de sustancial dignidad, respeto, igualdad, reciprocidad y comuni\u00f3n; f)&nbsp;concebir la propia empresa&nbsp;y\/o actividad&nbsp;como un lugar y un instrumento para reducir la indigencia, la miseria y la injusticia, tanto en el contexto local como global. https:\/\/www.edc-online.org\/es\/\" \/>\n<meta property=\"og:url\" content=\"https:\/\/focolares.es\/gl\/carne-de-identidade-da-economia-de-comunon\/\" \/>\n<meta property=\"og:site_name\" content=\"Movimiento de los Focolares\" \/>\n<meta property=\"article:published_time\" content=\"2021-05-26T20:51:00+00:00\" \/>\n<meta property=\"article:modified_time\" content=\"2024-03-13T21:59:22+00:00\" \/>\n<meta property=\"og:image\" content=\"https:\/\/focolares.es\/wp-content\/uploads\/2024\/03\/edc_logo30it.png\" \/>\n\t<meta property=\"og:image:width\" content=\"350\" \/>\n\t<meta property=\"og:image:height\" content=\"391\" \/>\n\t<meta property=\"og:image:type\" content=\"image\/png\" \/>\n<meta name=\"author\" content=\"admin\" \/>\n<meta name=\"twitter:card\" content=\"summary_large_image\" \/>\n<meta name=\"twitter:label1\" content=\"Escrito por\" \/>\n\t<meta name=\"twitter:data1\" content=\"admin\" \/>\n\t<meta name=\"twitter:label2\" content=\"Tempo de lectura\" \/>\n\t<meta name=\"twitter:data2\" content=\"4 minutos\" \/>\n<script type=\"application\/ld+json\" class=\"yoast-schema-graph\">{\"@context\":\"https:\/\/schema.org\",\"@graph\":[{\"@type\":\"Article\",\"@id\":\"https:\/\/focolares.es\/carta-de-identidad-de-la-economia-de-comunion\/#article\",\"isPartOf\":{\"@id\":\"https:\/\/focolares.es\/carta-de-identidad-de-la-economia-de-comunion\/\"},\"author\":{\"name\":\"admin\",\"@id\":\"https:\/\/focolares.es\/#\/schema\/person\/fdbf1cac3e3957f836bf607a31e7616d\"},\"headline\":\"Carta de identidad de la Econom\u00eda de Comuni\u00f3n\",\"datePublished\":\"2021-05-26T20:51:00+00:00\",\"dateModified\":\"2024-03-13T21:59:22+00:00\",\"mainEntityOfPage\":{\"@id\":\"https:\/\/focolares.es\/carta-de-identidad-de-la-economia-de-comunion\/\"},\"wordCount\":728,\"commentCount\":0,\"publisher\":{\"@id\":\"https:\/\/focolares.es\/#organization\"},\"image\":{\"@id\":\"https:\/\/focolares.es\/carta-de-identidad-de-la-economia-de-comunion\/#primaryimage\"},\"thumbnailUrl\":\"https:\/\/focolares.es\/wp-content\/uploads\/2024\/03\/edc_logo30it.png\",\"articleSection\":[\"Uncategorized\"],\"inLanguage\":\"gl-ES\",\"potentialAction\":[{\"@type\":\"CommentAction\",\"name\":\"Comment\",\"target\":[\"https:\/\/focolares.es\/carta-de-identidad-de-la-economia-de-comunion\/#respond\"]}]},{\"@type\":\"WebPage\",\"@id\":\"https:\/\/focolares.es\/carta-de-identidad-de-la-economia-de-comunion\/\",\"url\":\"https:\/\/focolares.es\/carta-de-identidad-de-la-economia-de-comunion\/\",\"name\":\"Carta de identidad de la Econom\u00eda de Comuni\u00f3n - Movimiento de los Focolares\",\"isPartOf\":{\"@id\":\"https:\/\/focolares.es\/#website\"},\"primaryImageOfPage\":{\"@id\":\"https:\/\/focolares.es\/carta-de-identidad-de-la-economia-de-comunion\/#primaryimage\"},\"image\":{\"@id\":\"https:\/\/focolares.es\/carta-de-identidad-de-la-economia-de-comunion\/#primaryimage\"},\"thumbnailUrl\":\"https:\/\/focolares.es\/wp-content\/uploads\/2024\/03\/edc_logo30it.png\",\"datePublished\":\"2021-05-26T20:51:00+00:00\",\"dateModified\":\"2024-03-13T21:59:22+00:00\",\"breadcrumb\":{\"@id\":\"https:\/\/focolares.es\/carta-de-identidad-de-la-economia-de-comunion\/#breadcrumb\"},\"inLanguage\":\"gl-ES\",\"potentialAction\":[{\"@type\":\"ReadAction\",\"target\":[\"https:\/\/focolares.es\/carta-de-identidad-de-la-economia-de-comunion\/\"]}]},{\"@type\":\"ImageObject\",\"inLanguage\":\"gl-ES\",\"@id\":\"https:\/\/focolares.es\/carta-de-identidad-de-la-economia-de-comunion\/#primaryimage\",\"url\":\"https:\/\/focolares.es\/wp-content\/uploads\/2024\/03\/edc_logo30it.png\",\"contentUrl\":\"https:\/\/focolares.es\/wp-content\/uploads\/2024\/03\/edc_logo30it.png\",\"width\":350,\"height\":391},{\"@type\":\"BreadcrumbList\",\"@id\":\"https:\/\/focolares.es\/carta-de-identidad-de-la-economia-de-comunion\/#breadcrumb\",\"itemListElement\":[{\"@type\":\"ListItem\",\"position\":1,\"name\":\"Portada\",\"item\":\"https:\/\/focolares.es\/\"},{\"@type\":\"ListItem\",\"position\":2,\"name\":\"Carta de identidad de la Econom\u00eda de Comuni\u00f3n\"}]},{\"@type\":\"WebSite\",\"@id\":\"https:\/\/focolares.es\/#website\",\"url\":\"https:\/\/focolares.es\/\",\"name\":\"Movimiento de los Focolares\",\"description\":\"\",\"publisher\":{\"@id\":\"https:\/\/focolares.es\/#organization\"},\"potentialAction\":[{\"@type\":\"SearchAction\",\"target\":{\"@type\":\"EntryPoint\",\"urlTemplate\":\"https:\/\/focolares.es\/?s={search_term_string}\"},\"query-input\":{\"@type\":\"PropertyValueSpecification\",\"valueRequired\":true,\"valueName\":\"search_term_string\"}}],\"inLanguage\":\"gl-ES\"},{\"@type\":\"Organization\",\"@id\":\"https:\/\/focolares.es\/#organization\",\"name\":\"Movimiento de los Focolares\",\"url\":\"https:\/\/focolares.es\/\",\"logo\":{\"@type\":\"ImageObject\",\"inLanguage\":\"gl-ES\",\"@id\":\"https:\/\/focolares.es\/#\/schema\/logo\/image\/\",\"url\":\"https:\/\/focolares.es\/wp-content\/uploads\/2024\/03\/Logo_focolares-1024x944-1.jpg\",\"contentUrl\":\"https:\/\/focolares.es\/wp-content\/uploads\/2024\/03\/Logo_focolares-1024x944-1.jpg\",\"width\":1024,\"height\":944,\"caption\":\"Movimiento de los Focolares\"},\"image\":{\"@id\":\"https:\/\/focolares.es\/#\/schema\/logo\/image\/\"}},{\"@type\":\"Person\",\"@id\":\"https:\/\/focolares.es\/#\/schema\/person\/fdbf1cac3e3957f836bf607a31e7616d\",\"name\":\"admin\",\"image\":{\"@type\":\"ImageObject\",\"inLanguage\":\"gl-ES\",\"@id\":\"https:\/\/focolares.es\/wp-content\/litespeed\/avatar\/ba00c276ce0fa7863cda4038d70907a8.jpg?ver=1777380135\",\"url\":\"https:\/\/focolares.es\/wp-content\/litespeed\/avatar\/ba00c276ce0fa7863cda4038d70907a8.jpg?ver=1777380135\",\"contentUrl\":\"https:\/\/focolares.es\/wp-content\/litespeed\/avatar\/ba00c276ce0fa7863cda4038d70907a8.jpg?ver=1777380135\",\"caption\":\"admin\"},\"sameAs\":[\"https:\/\/focolares.es\"],\"url\":\"https:\/\/focolares.es\/gl\/author\/afesersl_mcjhk9wv\/\"}]}<\/script>\n<!-- \/ Yoast SEO plugin. -->","yoast_head_json":{"title":"Carta Identitaria da Econom\u00eda de Comuni\u00f3n - Movemento dos Focolares","robots":{"index":"index","follow":"follow","max-snippet":"max-snippet:-1","max-image-preview":"max-image-preview:large","max-video-preview":"max-video-preview:-1"},"canonical":"https:\/\/focolares.es\/gl\/carne-de-identidade-da-economia-de-comunon\/","og_locale":"gl_ES","og_type":"article","og_title":"Carta de identidad de la Econom\u00eda de Comuni\u00f3n - Movimiento de los Focolares","og_description":"a)&nbsp;un compromiso serio por parte del empresario o empresarios de iniciar un camino de comuni\u00f3n&nbsp;con la comisi\u00f3n local y con todo el movimiento de la EdC a nivel local e internacional, no s\u00f3lo como persona sino, en caso de ser empresario, como representante de la comunidad empresarial; b)&nbsp;compartir los objetivos del proyecto&nbsp;y los fines del Carisma de la Unidad del que la EdC es expresi\u00f3n; c)&nbsp;estar abierto a destinar las ganancias de la empresa, en caso de obtenerse,&nbsp;a los tres fines del proyecto, que son: ayuda concreta a los necesitados, formaci\u00f3n de \u201chombres nuevos\u201d, desarrollo de la empresa y\/o retribuci\u00f3n a los socios; d) dirigir la empresa inspir\u00e1ndose en la fraternidad, de acuerdo con el documento \u201cl\u00edneas para dirigir una empresa de la EdC\u201d; e) entender y&nbsp;vivir la relaci\u00f3n con las personas en situaci\u00f3n de necesidad en un plano de sustancial dignidad, respeto, igualdad, reciprocidad y comuni\u00f3n; f)&nbsp;concebir la propia empresa&nbsp;y\/o actividad&nbsp;como un lugar y un instrumento para reducir la indigencia, la miseria y la injusticia, tanto en el contexto local como global. https:\/\/www.edc-online.org\/es\/","og_url":"https:\/\/focolares.es\/gl\/carne-de-identidade-da-economia-de-comunon\/","og_site_name":"Movimiento de los Focolares","article_published_time":"2021-05-26T20:51:00+00:00","article_modified_time":"2024-03-13T21:59:22+00:00","og_image":[{"width":350,"height":391,"url":"https:\/\/focolares.es\/wp-content\/uploads\/2024\/03\/edc_logo30it.png","type":"image\/png"}],"author":"admin","twitter_card":"summary_large_image","twitter_misc":{"Escrito por":"admin","Tempo de lectura":"4 minutos"},"schema":{"@context":"https:\/\/schema.org","@graph":[{"@type":"Article","@id":"https:\/\/focolares.es\/carta-de-identidad-de-la-economia-de-comunion\/#article","isPartOf":{"@id":"https:\/\/focolares.es\/carta-de-identidad-de-la-economia-de-comunion\/"},"author":{"name":"admin","@id":"https:\/\/focolares.es\/#\/schema\/person\/fdbf1cac3e3957f836bf607a31e7616d"},"headline":"Carta de identidad de la Econom\u00eda de Comuni\u00f3n","datePublished":"2021-05-26T20:51:00+00:00","dateModified":"2024-03-13T21:59:22+00:00","mainEntityOfPage":{"@id":"https:\/\/focolares.es\/carta-de-identidad-de-la-economia-de-comunion\/"},"wordCount":728,"commentCount":0,"publisher":{"@id":"https:\/\/focolares.es\/#organization"},"image":{"@id":"https:\/\/focolares.es\/carta-de-identidad-de-la-economia-de-comunion\/#primaryimage"},"thumbnailUrl":"https:\/\/focolares.es\/wp-content\/uploads\/2024\/03\/edc_logo30it.png","articleSection":["Uncategorized"],"inLanguage":"gl-ES","potentialAction":[{"@type":"CommentAction","name":"Comment","target":["https:\/\/focolares.es\/carta-de-identidad-de-la-economia-de-comunion\/#respond"]}]},{"@type":"WebPage","@id":"https:\/\/focolares.es\/carta-de-identidad-de-la-economia-de-comunion\/","url":"https:\/\/focolares.es\/carta-de-identidad-de-la-economia-de-comunion\/","name":"Carta Identitaria da Econom\u00eda de Comuni\u00f3n - Movemento dos Focolares","isPartOf":{"@id":"https:\/\/focolares.es\/#website"},"primaryImageOfPage":{"@id":"https:\/\/focolares.es\/carta-de-identidad-de-la-economia-de-comunion\/#primaryimage"},"image":{"@id":"https:\/\/focolares.es\/carta-de-identidad-de-la-economia-de-comunion\/#primaryimage"},"thumbnailUrl":"https:\/\/focolares.es\/wp-content\/uploads\/2024\/03\/edc_logo30it.png","datePublished":"2021-05-26T20:51:00+00:00","dateModified":"2024-03-13T21:59:22+00:00","breadcrumb":{"@id":"https:\/\/focolares.es\/carta-de-identidad-de-la-economia-de-comunion\/#breadcrumb"},"inLanguage":"gl-ES","potentialAction":[{"@type":"ReadAction","target":["https:\/\/focolares.es\/carta-de-identidad-de-la-economia-de-comunion\/"]}]},{"@type":"ImageObject","inLanguage":"gl-ES","@id":"https:\/\/focolares.es\/carta-de-identidad-de-la-economia-de-comunion\/#primaryimage","url":"https:\/\/focolares.es\/wp-content\/uploads\/2024\/03\/edc_logo30it.png","contentUrl":"https:\/\/focolares.es\/wp-content\/uploads\/2024\/03\/edc_logo30it.png","width":350,"height":391},{"@type":"BreadcrumbList","@id":"https:\/\/focolares.es\/carta-de-identidad-de-la-economia-de-comunion\/#breadcrumb","itemListElement":[{"@type":"ListItem","position":1,"name":"Portada","item":"https:\/\/focolares.es\/"},{"@type":"ListItem","position":2,"name":"Carta de identidad de la Econom\u00eda de Comuni\u00f3n"}]},{"@type":"WebSite","@id":"https:\/\/focolares.es\/#website","url":"https:\/\/focolares.es\/","name":"Movemento dos Focolares","description":"","publisher":{"@id":"https:\/\/focolares.es\/#organization"},"potentialAction":[{"@type":"SearchAction","target":{"@type":"EntryPoint","urlTemplate":"https:\/\/focolares.es\/?s={search_term_string}"},"query-input":{"@type":"PropertyValueSpecification","valueRequired":true,"valueName":"search_term_string"}}],"inLanguage":"gl-ES"},{"@type":"Organization","@id":"https:\/\/focolares.es\/#organization","name":"Movemento dos Focolares","url":"https:\/\/focolares.es\/","logo":{"@type":"ImageObject","inLanguage":"gl-ES","@id":"https:\/\/focolares.es\/#\/schema\/logo\/image\/","url":"https:\/\/focolares.es\/wp-content\/uploads\/2024\/03\/Logo_focolares-1024x944-1.jpg","contentUrl":"https:\/\/focolares.es\/wp-content\/uploads\/2024\/03\/Logo_focolares-1024x944-1.jpg","width":1024,"height":944,"caption":"Movimiento de los Focolares"},"image":{"@id":"https:\/\/focolares.es\/#\/schema\/logo\/image\/"}},{"@type":"Person","@id":"https:\/\/focolares.es\/#\/schema\/person\/fdbf1cac3e3957f836bf607a31e7616d","name":"administrador","image":{"@type":"ImageObject","inLanguage":"gl-ES","@id":"https:\/\/focolares.es\/wp-content\/litespeed\/avatar\/ba00c276ce0fa7863cda4038d70907a8.jpg?ver=1777380135","url":"https:\/\/focolares.es\/wp-content\/litespeed\/avatar\/ba00c276ce0fa7863cda4038d70907a8.jpg?ver=1777380135","contentUrl":"https:\/\/focolares.es\/wp-content\/litespeed\/avatar\/ba00c276ce0fa7863cda4038d70907a8.jpg?ver=1777380135","caption":"admin"},"sameAs":["https:\/\/focolares.es"],"url":"https:\/\/focolares.es\/gl\/author\/afesersl_mcjhk9wv\/"}]}},"views":96,"_links":{"self":[{"href":"https:\/\/focolares.es\/gl\/wp-json\/wp\/v2\/posts\/5034","targetHints":{"allow":["GET"]}}],"collection":[{"href":"https:\/\/focolares.es\/gl\/wp-json\/wp\/v2\/posts"}],"about":[{"href":"https:\/\/focolares.es\/gl\/wp-json\/wp\/v2\/types\/post"}],"author":[{"embeddable":true,"href":"https:\/\/focolares.es\/gl\/wp-json\/wp\/v2\/users\/1"}],"replies":[{"embeddable":true,"href":"https:\/\/focolares.es\/gl\/wp-json\/wp\/v2\/comments?post=5034"}],"version-history":[{"count":1,"href":"https:\/\/focolares.es\/gl\/wp-json\/wp\/v2\/posts\/5034\/revisions"}],"predecessor-version":[{"id":5035,"href":"https:\/\/focolares.es\/gl\/wp-json\/wp\/v2\/posts\/5034\/revisions\/5035"}],"wp:featuredmedia":[{"embeddable":true,"href":"https:\/\/focolares.es\/gl\/wp-json\/wp\/v2\/media\/5040"}],"wp:attachment":[{"href":"https:\/\/focolares.es\/gl\/wp-json\/wp\/v2\/media?parent=5034"}],"wp:term":[{"taxonomy":"category","embeddable":true,"href":"https:\/\/focolares.es\/gl\/wp-json\/wp\/v2\/categories?post=5034"},{"taxonomy":"post_tag","embeddable":true,"href":"https:\/\/focolares.es\/gl\/wp-json\/wp\/v2\/tags?post=5034"}],"curies":[{"name":"wp","href":"https:\/\/api.w.org\/{rel}","templated":true}]}}