{"id":5163,"date":"2023-02-13T12:06:00","date_gmt":"2023-02-13T11:06:00","guid":{"rendered":"https:\/\/focolares.es\/?p=5163"},"modified":"2024-03-19T18:22:39","modified_gmt":"2024-03-19T17:22:39","slug":"margarita-luminosa-bavosi","status":"publish","type":"post","link":"https:\/\/focolares.es\/gl\/margarita-bavosi-luminosa\/","title":{"rendered":"Margarita Bavosi, Luminous"},"content":{"rendered":"<p>O 7 de marzo de 2023, \u00e1s 19.00 horas, celebrarase o 38 aniversario de Luminosa. nel&nbsp;<em><a href=\"https:\/\/cmluminosa.es\/\" target=\"_blank\" rel=\"noreferrer noopener\">Centro Mariapolis Luminosa<\/a><\/em>, unha eucarist\u00eda concelebrada de Acci\u00f3n de Grazas polo don da s\u00faa vida e o seu compromiso coa Santa Viaxe. Estarase dispo\u00f1ible o testemu\u00f1o do padre Jos\u00e9-Dami\u00e1n Gait\u00e1n, OCD.<\/p>\n\n\n\n<figure class=\"wp-block-image alignleft size-full\"><img fetchpriority=\"high\" decoding=\"async\" width=\"1024\" height=\"576\" src=\"https:\/\/focolares.es\/wp-content\/uploads\/2024\/03\/2023_Luminosa.jpg\" alt=\"\" class=\"wp-image-5747\" srcset=\"https:\/\/focolares.es\/wp-content\/uploads\/2024\/03\/2023_Luminosa.jpg 1024w, https:\/\/focolares.es\/wp-content\/uploads\/2024\/03\/2023_Luminosa-300x169.jpg 300w, https:\/\/focolares.es\/wp-content\/uploads\/2024\/03\/2023_Luminosa-768x432.jpg 768w\" sizes=\"(max-width: 1024px) 100vw, 1024px\" \/><\/figure>\n\n\n\n<p><\/p>\n\n\n\n<p> .<\/p>\n\n\n\n<p>A Eucarist\u00eda seguir\u00e1 a lectura dunhas p\u00e1xinas de Luminosa sobre a uni\u00f3n con Deus. Ademais de diversos testemu\u00f1os dos que a co\u00f1eceron ou que se inspiraron nela para as s\u00faas acci\u00f3ns sociais, como o P.&nbsp;<strong>Fabio Ciardi<\/strong>, omi e o&nbsp;<em>Asociaci\u00f3n de Acci\u00f3n Luminosa<\/em>&nbsp;de Sevilla. Finalmente, darase a co\u00f1ecer o estado da actual fase do Proceso de Beatificaci\u00f3n.<\/p>\n\n\n\n<p>P\u00f3dese seguir en directo neste&nbsp;<a href=\"https:\/\/us02web.zoom.us\/j\/89161691325\" target=\"_blank\" rel=\"noreferrer noopener\">ligaz\u00f3n<\/a>. C\u00f3digo de acceso: Luminosa38.<\/p>\n\n\n\n<p>Os que reciban grazas ou desexen achegar os seus testemu\u00f1os poden facelo escribindo \u00e1 Postulaci\u00f3n da Causa: C\/ Poniente 28, 28290 Las Matas (Madrid), ou a&nbsp;<a href=\"mailto:causaluminosa@telefonica.net\" target=\"_blank\" rel=\"noreferrer noopener\">correo electr\u00f3nico<\/a>&nbsp;da causa.<\/p>\n\n\n\n<p>Para achegas econ\u00f3micas:<\/p>\n\n\n\n<p><em>CAIXABANK \u2013 Concepto: Causa Luminosa<\/em><\/p>\n\n\n\n<p><em>Desde Europa: ES65 21002614711300138297<\/em><\/p>\n\n\n\n<p><em>Desde f\u00f3ra de Europa: CAIXESBBXXX ES65 2100 2614 7113 0013 8297<\/em><\/p>\n\n\n\n<p>Tam\u00e9n como cada ano, no mes de marzo publicarase o Bolet\u00edn da t\u00faa causa.<\/p>\n\n\n\n<p>M\u00e1is informaci\u00f3n sobre Luminosa e a causa nela&nbsp;<a href=\"https:\/\/luminosa.focolares.es\/\" target=\"_blank\" rel=\"noreferrer noopener\">P\u00e1xina web<\/a>.<\/p>\n\n\n\n<p><em>Luminoso<\/em>&nbsp;Era arxentina, laica consagrada e corresponsable do M<em>Movemento dos Focolares<\/em>&nbsp;en Espa\u00f1a durante 14 anos. Morreu aos 44 anos en Italia, deixando o seu testamento: \u201cAgora t\u00f3cache a ti\u201d, transmitindo o testemu\u00f1o dunha vida vivida en total entrega a cumprir a oraci\u00f3n de Xes\u00fas: \u201cQue todos sexan un\u201d.<\/p>\n\n\n\n<p><a href=\"https:\/\/focolares.es\/gl\/oracion\/\">Oraci\u00f3n<\/a><\/p>","protected":false},"excerpt":{"rendered":"<p>O 7 de marzo de 2023, \u00e1s 19.00 horas, celebrarase o 38 aniversario de Luminosa. No Centro Mariapolis Luminosa, unha Eucarist\u00eda de Acci\u00f3n de Grazas concelebrada polo don da s\u00faa vida e o seu compromiso coa Santa Viaxe. Estarase dispo\u00f1ible o testemu\u00f1o do padre Jos\u00e9-Dami\u00e1n Gait\u00e1n, OCD. . A Eucarist\u00eda seguir\u00e1 a lectura dunhas p\u00e1xinas de Luminosa sobre a uni\u00f3n con Deus. Ademais de diversos testemu\u00f1os dos que a co\u00f1eceron ou que se inspiraron nela para as s\u00faas acci\u00f3ns sociais, como o Padre Fabio Ciardi, IMO, e a Asociaci\u00f3n &quot;Acci\u00f3n Luminosa&quot; de Sevilla. Finalmente, darase a co\u00f1ecer o estado da actual fase do Proceso de Beatificaci\u00f3n. Podes seguilo en directo nesta ligaz\u00f3n. C\u00f3digo de acceso: Luminosa38. Aqueles que reciban agradecementos ou desexen achegar os seus testemu\u00f1os poden facelo escribindo \u00e1 Postulaci\u00f3n da Causa: C\/ Poniente 28, 28290 Las Matas (Madrid), ou enviando un correo electr\u00f3nico \u00e1 causa. Para achegas econ\u00f3micas: CAIXABANK \u2013 Concepto: Causa Luminosa De Europa: ES65 21002614711300138297 De f\u00f3ra de Europa: CAIXESBBXXX ES65 2100 2614 7113 0013 8297 Tam\u00e9n como todos os anos publicarase en marzo o Bolet\u00edn da t\u00faa causa. M\u00e1is informaci\u00f3n sobre Luminosa e a causa na s\u00faa p\u00e1xina web. Luminosa foi arxentina, laica consagrada, e co-l\u00edder do Movemento dos Focolares en Espa\u00f1a durante 14 anos. Morreu aos 44 anos en Italia, deixando o seu testamento: \u201cAgora t\u00f3cache a ti\u201d, transmitindo o testemu\u00f1o dunha vida vivida en total entrega a cumprir a oraci\u00f3n de Xes\u00fas: \u201cQue todos sexan un\u201d. Oraci\u00f3n<\/p>","protected":false},"author":1,"featured_media":5747,"comment_status":"open","ping_status":"closed","sticky":false,"template":"","format":"standard","meta":{"_price":"","_stock":"","_tribe_ticket_header":"","_tribe_default_ticket_provider":"","_tribe_ticket_capacity":"0","_ticket_start_date":"","_ticket_end_date":"","_tribe_ticket_show_description":"","_tribe_ticket_show_not_going":false,"_tribe_ticket_use_global_stock":"","_tribe_ticket_global_stock_level":"","_global_stock_mode":"","_global_stock_cap":"","_tribe_rsvp_for_event":"","_tribe_ticket_going_count":"","_tribe_ticket_not_going_count":"","_tribe_tickets_list":"[]","_tribe_ticket_has_attendee_info_fields":false,"footnotes":""},"categories":[1],"tags":[],"class_list":["post-5163","post","type-post","status-publish","format-standard","has-post-thumbnail","hentry","category-uncategorized"],"yoast_head":"<!-- This site is optimized with the Yoast SEO plugin v27.2 - https:\/\/yoast.com\/product\/yoast-seo-wordpress\/ -->\n<title>Margarita Bavosi, Luminosa - Movimiento de los Focolares<\/title>\n<meta name=\"robots\" content=\"index, follow, max-snippet:-1, max-image-preview:large, max-video-preview:-1\" \/>\n<link rel=\"canonical\" href=\"https:\/\/focolares.es\/gl\/margarita-luminosa-bavosi\/\" \/>\n<meta property=\"og:locale\" content=\"gl_ES\" \/>\n<meta property=\"og:type\" content=\"article\" \/>\n<meta property=\"og:title\" content=\"Margarita Bavosi, Luminosa - Movimiento de los Focolares\" \/>\n<meta property=\"og:description\" content=\"Con motivo del 38\u00ba aniversario de Luminosa, se celebrar\u00e1 el 7 de marzo 2023 a las 19 h. en el&nbsp;Centro Mari\u00e1polis Luminosa, una Eucarist\u00eda concelebrada de Acci\u00f3n de Gracias por el don de su vida y su compromiso en el Santo Viaje. Se contar\u00e1 con el testimonio del P. Jos\u00e9-Dami\u00e1n Gait\u00e1n, ocd. . Tras la eucarist\u00eda seguir\u00e1 un acto donde se leer\u00e1n algunas p\u00e1ginas de Luminosa sobre la uni\u00f3n con Dios. Adem\u00e1s de diferentes testimonios de quienes la conocieron o que se inspiran en ella para sus acciones sociales, como el P.&nbsp;Fabio Ciardi, omi y la&nbsp;Asociaci\u00f3n \u201cAcci\u00f3n Luminosa\u201d&nbsp;de Sevilla. Por \u00faltimo, se notificar\u00e1 el estado de la actual fase del Proceso de Beatificaci\u00f3n. Podr\u00e1 seguirse en directo en este&nbsp;enlace. C\u00f3digo de acceso: Luminosa38. Quienes reciban gracias o quieran aportar sus testimonios pueden hacerlo escribiendo a la Postulaci\u00f3n de la Causa: C\/ Poniente 28, 28290 Las Matas (Madrid), o al&nbsp;correo electr\u00f3nico&nbsp;de la causa. Para aportaciones econ\u00f3micas: CAIXABANK \u2013 Concepto: Causa de Luminosa Desde Europa: ES65 21002614711300138297 Desde fuera de Europa: CAIXESBBXXX ES65 2100 2614 7113 0013 8297 Tambi\u00e9n como cada a\u00f1o, en marzo se publicar\u00e1 el Bolet\u00edn de su causa. M\u00e1s informaci\u00f3n sobre Luminosa y la causa en su&nbsp;p\u00e1gina web. Luminosa&nbsp;era argentina, laica consagrada y fue corresponsable del Movimiento de los Focolares&nbsp;en Espa\u00f1a durante 14 a\u00f1os. Muri\u00f3 a los 44 a\u00f1os en Italia, dejando como testamento: \u201cAhora os toca a vosotros\u201d, pasando el testigo de una vida vivida en la total entrega a realizar la oraci\u00f3n de Jes\u00fas: \u201cQue todos sean uno\u201d. Oraci\u00f3n\" \/>\n<meta property=\"og:url\" content=\"https:\/\/focolares.es\/gl\/margarita-luminosa-bavosi\/\" \/>\n<meta property=\"og:site_name\" content=\"Movimiento de los Focolares\" \/>\n<meta property=\"article:published_time\" content=\"2023-02-13T11:06:00+00:00\" \/>\n<meta property=\"article:modified_time\" content=\"2024-03-19T17:22:39+00:00\" \/>\n<meta property=\"og:image\" content=\"https:\/\/focolares.es\/wp-content\/uploads\/2024\/03\/2023_Luminosa.jpg\" \/>\n\t<meta property=\"og:image:width\" content=\"1024\" \/>\n\t<meta property=\"og:image:height\" content=\"576\" \/>\n\t<meta property=\"og:image:type\" content=\"image\/jpeg\" \/>\n<meta name=\"author\" content=\"admin\" \/>\n<meta name=\"twitter:card\" content=\"summary_large_image\" \/>\n<meta name=\"twitter:label1\" content=\"Escrito por\" \/>\n\t<meta name=\"twitter:data1\" content=\"admin\" \/>\n\t<meta name=\"twitter:label2\" content=\"Tempo de lectura\" \/>\n\t<meta name=\"twitter:data2\" content=\"2 minutos\" \/>\n<script type=\"application\/ld+json\" class=\"yoast-schema-graph\">{\"@context\":\"https:\/\/schema.org\",\"@graph\":[{\"@type\":\"Article\",\"@id\":\"https:\/\/focolares.es\/margarita-bavosi-luminosa\/#article\",\"isPartOf\":{\"@id\":\"https:\/\/focolares.es\/margarita-bavosi-luminosa\/\"},\"author\":{\"name\":\"admin\",\"@id\":\"https:\/\/focolares.es\/#\/schema\/person\/fdbf1cac3e3957f836bf607a31e7616d\"},\"headline\":\"Margarita Bavosi, Luminosa\",\"datePublished\":\"2023-02-13T11:06:00+00:00\",\"dateModified\":\"2024-03-19T17:22:39+00:00\",\"mainEntityOfPage\":{\"@id\":\"https:\/\/focolares.es\/margarita-bavosi-luminosa\/\"},\"wordCount\":289,\"commentCount\":0,\"publisher\":{\"@id\":\"https:\/\/focolares.es\/#organization\"},\"image\":{\"@id\":\"https:\/\/focolares.es\/margarita-bavosi-luminosa\/#primaryimage\"},\"thumbnailUrl\":\"https:\/\/focolares.es\/wp-content\/uploads\/2024\/03\/2023_Luminosa.jpg\",\"articleSection\":[\"Uncategorized\"],\"inLanguage\":\"gl-ES\",\"potentialAction\":[{\"@type\":\"CommentAction\",\"name\":\"Comment\",\"target\":[\"https:\/\/focolares.es\/margarita-bavosi-luminosa\/#respond\"]}]},{\"@type\":\"WebPage\",\"@id\":\"https:\/\/focolares.es\/margarita-bavosi-luminosa\/\",\"url\":\"https:\/\/focolares.es\/margarita-bavosi-luminosa\/\",\"name\":\"Margarita Bavosi, Luminosa - Movimiento de los Focolares\",\"isPartOf\":{\"@id\":\"https:\/\/focolares.es\/#website\"},\"primaryImageOfPage\":{\"@id\":\"https:\/\/focolares.es\/margarita-bavosi-luminosa\/#primaryimage\"},\"image\":{\"@id\":\"https:\/\/focolares.es\/margarita-bavosi-luminosa\/#primaryimage\"},\"thumbnailUrl\":\"https:\/\/focolares.es\/wp-content\/uploads\/2024\/03\/2023_Luminosa.jpg\",\"datePublished\":\"2023-02-13T11:06:00+00:00\",\"dateModified\":\"2024-03-19T17:22:39+00:00\",\"breadcrumb\":{\"@id\":\"https:\/\/focolares.es\/margarita-bavosi-luminosa\/#breadcrumb\"},\"inLanguage\":\"gl-ES\",\"potentialAction\":[{\"@type\":\"ReadAction\",\"target\":[\"https:\/\/focolares.es\/margarita-bavosi-luminosa\/\"]}]},{\"@type\":\"ImageObject\",\"inLanguage\":\"gl-ES\",\"@id\":\"https:\/\/focolares.es\/margarita-bavosi-luminosa\/#primaryimage\",\"url\":\"https:\/\/focolares.es\/wp-content\/uploads\/2024\/03\/2023_Luminosa.jpg\",\"contentUrl\":\"https:\/\/focolares.es\/wp-content\/uploads\/2024\/03\/2023_Luminosa.jpg\",\"width\":1024,\"height\":576},{\"@type\":\"BreadcrumbList\",\"@id\":\"https:\/\/focolares.es\/margarita-bavosi-luminosa\/#breadcrumb\",\"itemListElement\":[{\"@type\":\"ListItem\",\"position\":1,\"name\":\"Portada\",\"item\":\"https:\/\/focolares.es\/\"},{\"@type\":\"ListItem\",\"position\":2,\"name\":\"Margarita Bavosi, Luminosa\"}]},{\"@type\":\"WebSite\",\"@id\":\"https:\/\/focolares.es\/#website\",\"url\":\"https:\/\/focolares.es\/\",\"name\":\"Movimiento de los Focolares\",\"description\":\"\",\"publisher\":{\"@id\":\"https:\/\/focolares.es\/#organization\"},\"potentialAction\":[{\"@type\":\"SearchAction\",\"target\":{\"@type\":\"EntryPoint\",\"urlTemplate\":\"https:\/\/focolares.es\/?s={search_term_string}\"},\"query-input\":{\"@type\":\"PropertyValueSpecification\",\"valueRequired\":true,\"valueName\":\"search_term_string\"}}],\"inLanguage\":\"gl-ES\"},{\"@type\":\"Organization\",\"@id\":\"https:\/\/focolares.es\/#organization\",\"name\":\"Movimiento de los Focolares\",\"url\":\"https:\/\/focolares.es\/\",\"logo\":{\"@type\":\"ImageObject\",\"inLanguage\":\"gl-ES\",\"@id\":\"https:\/\/focolares.es\/#\/schema\/logo\/image\/\",\"url\":\"https:\/\/focolares.es\/wp-content\/uploads\/2024\/03\/Logo_focolares-1024x944-1.jpg\",\"contentUrl\":\"https:\/\/focolares.es\/wp-content\/uploads\/2024\/03\/Logo_focolares-1024x944-1.jpg\",\"width\":1024,\"height\":944,\"caption\":\"Movimiento de los Focolares\"},\"image\":{\"@id\":\"https:\/\/focolares.es\/#\/schema\/logo\/image\/\"}},{\"@type\":\"Person\",\"@id\":\"https:\/\/focolares.es\/#\/schema\/person\/fdbf1cac3e3957f836bf607a31e7616d\",\"name\":\"admin\",\"image\":{\"@type\":\"ImageObject\",\"inLanguage\":\"gl-ES\",\"@id\":\"https:\/\/focolares.es\/wp-content\/litespeed\/avatar\/ba00c276ce0fa7863cda4038d70907a8.jpg?ver=1777380135\",\"url\":\"https:\/\/focolares.es\/wp-content\/litespeed\/avatar\/ba00c276ce0fa7863cda4038d70907a8.jpg?ver=1777380135\",\"contentUrl\":\"https:\/\/focolares.es\/wp-content\/litespeed\/avatar\/ba00c276ce0fa7863cda4038d70907a8.jpg?ver=1777380135\",\"caption\":\"admin\"},\"sameAs\":[\"https:\/\/focolares.es\"],\"url\":\"https:\/\/focolares.es\/gl\/author\/afesersl_mcjhk9wv\/\"}]}<\/script>\n<!-- \/ Yoast SEO plugin. -->","yoast_head_json":{"title":"Margarita Bavosi, Luminosa - Movemento dos Focolares","robots":{"index":"index","follow":"follow","max-snippet":"max-snippet:-1","max-image-preview":"max-image-preview:large","max-video-preview":"max-video-preview:-1"},"canonical":"https:\/\/focolares.es\/gl\/margarita-luminosa-bavosi\/","og_locale":"gl_ES","og_type":"article","og_title":"Margarita Bavosi, Luminosa - Movimiento de los Focolares","og_description":"Con motivo del 38\u00ba aniversario de Luminosa, se celebrar\u00e1 el 7 de marzo 2023 a las 19 h. en el&nbsp;Centro Mari\u00e1polis Luminosa, una Eucarist\u00eda concelebrada de Acci\u00f3n de Gracias por el don de su vida y su compromiso en el Santo Viaje. Se contar\u00e1 con el testimonio del P. Jos\u00e9-Dami\u00e1n Gait\u00e1n, ocd. . Tras la eucarist\u00eda seguir\u00e1 un acto donde se leer\u00e1n algunas p\u00e1ginas de Luminosa sobre la uni\u00f3n con Dios. Adem\u00e1s de diferentes testimonios de quienes la conocieron o que se inspiran en ella para sus acciones sociales, como el P.&nbsp;Fabio Ciardi, omi y la&nbsp;Asociaci\u00f3n \u201cAcci\u00f3n Luminosa\u201d&nbsp;de Sevilla. Por \u00faltimo, se notificar\u00e1 el estado de la actual fase del Proceso de Beatificaci\u00f3n. Podr\u00e1 seguirse en directo en este&nbsp;enlace. C\u00f3digo de acceso: Luminosa38. Quienes reciban gracias o quieran aportar sus testimonios pueden hacerlo escribiendo a la Postulaci\u00f3n de la Causa: C\/ Poniente 28, 28290 Las Matas (Madrid), o al&nbsp;correo electr\u00f3nico&nbsp;de la causa. Para aportaciones econ\u00f3micas: CAIXABANK \u2013 Concepto: Causa de Luminosa Desde Europa: ES65 21002614711300138297 Desde fuera de Europa: CAIXESBBXXX ES65 2100 2614 7113 0013 8297 Tambi\u00e9n como cada a\u00f1o, en marzo se publicar\u00e1 el Bolet\u00edn de su causa. M\u00e1s informaci\u00f3n sobre Luminosa y la causa en su&nbsp;p\u00e1gina web. Luminosa&nbsp;era argentina, laica consagrada y fue corresponsable del Movimiento de los Focolares&nbsp;en Espa\u00f1a durante 14 a\u00f1os. Muri\u00f3 a los 44 a\u00f1os en Italia, dejando como testamento: \u201cAhora os toca a vosotros\u201d, pasando el testigo de una vida vivida en la total entrega a realizar la oraci\u00f3n de Jes\u00fas: \u201cQue todos sean uno\u201d. Oraci\u00f3n","og_url":"https:\/\/focolares.es\/gl\/margarita-luminosa-bavosi\/","og_site_name":"Movimiento de los Focolares","article_published_time":"2023-02-13T11:06:00+00:00","article_modified_time":"2024-03-19T17:22:39+00:00","og_image":[{"width":1024,"height":576,"url":"https:\/\/focolares.es\/wp-content\/uploads\/2024\/03\/2023_Luminosa.jpg","type":"image\/jpeg"}],"author":"admin","twitter_card":"summary_large_image","twitter_misc":{"Escrito por":"admin","Tempo de lectura":"2 minutos"},"schema":{"@context":"https:\/\/schema.org","@graph":[{"@type":"Article","@id":"https:\/\/focolares.es\/margarita-bavosi-luminosa\/#article","isPartOf":{"@id":"https:\/\/focolares.es\/margarita-bavosi-luminosa\/"},"author":{"name":"admin","@id":"https:\/\/focolares.es\/#\/schema\/person\/fdbf1cac3e3957f836bf607a31e7616d"},"headline":"Margarita Bavosi, Luminosa","datePublished":"2023-02-13T11:06:00+00:00","dateModified":"2024-03-19T17:22:39+00:00","mainEntityOfPage":{"@id":"https:\/\/focolares.es\/margarita-bavosi-luminosa\/"},"wordCount":289,"commentCount":0,"publisher":{"@id":"https:\/\/focolares.es\/#organization"},"image":{"@id":"https:\/\/focolares.es\/margarita-bavosi-luminosa\/#primaryimage"},"thumbnailUrl":"https:\/\/focolares.es\/wp-content\/uploads\/2024\/03\/2023_Luminosa.jpg","articleSection":["Uncategorized"],"inLanguage":"gl-ES","potentialAction":[{"@type":"CommentAction","name":"Comment","target":["https:\/\/focolares.es\/margarita-bavosi-luminosa\/#respond"]}]},{"@type":"WebPage","@id":"https:\/\/focolares.es\/margarita-bavosi-luminosa\/","url":"https:\/\/focolares.es\/margarita-bavosi-luminosa\/","name":"Margarita Bavosi, Luminosa - Movemento dos Focolares","isPartOf":{"@id":"https:\/\/focolares.es\/#website"},"primaryImageOfPage":{"@id":"https:\/\/focolares.es\/margarita-bavosi-luminosa\/#primaryimage"},"image":{"@id":"https:\/\/focolares.es\/margarita-bavosi-luminosa\/#primaryimage"},"thumbnailUrl":"https:\/\/focolares.es\/wp-content\/uploads\/2024\/03\/2023_Luminosa.jpg","datePublished":"2023-02-13T11:06:00+00:00","dateModified":"2024-03-19T17:22:39+00:00","breadcrumb":{"@id":"https:\/\/focolares.es\/margarita-bavosi-luminosa\/#breadcrumb"},"inLanguage":"gl-ES","potentialAction":[{"@type":"ReadAction","target":["https:\/\/focolares.es\/margarita-bavosi-luminosa\/"]}]},{"@type":"ImageObject","inLanguage":"gl-ES","@id":"https:\/\/focolares.es\/margarita-bavosi-luminosa\/#primaryimage","url":"https:\/\/focolares.es\/wp-content\/uploads\/2024\/03\/2023_Luminosa.jpg","contentUrl":"https:\/\/focolares.es\/wp-content\/uploads\/2024\/03\/2023_Luminosa.jpg","width":1024,"height":576},{"@type":"BreadcrumbList","@id":"https:\/\/focolares.es\/margarita-bavosi-luminosa\/#breadcrumb","itemListElement":[{"@type":"ListItem","position":1,"name":"Portada","item":"https:\/\/focolares.es\/"},{"@type":"ListItem","position":2,"name":"Margarita Bavosi, Luminosa"}]},{"@type":"WebSite","@id":"https:\/\/focolares.es\/#website","url":"https:\/\/focolares.es\/","name":"Movemento dos Focolares","description":"","publisher":{"@id":"https:\/\/focolares.es\/#organization"},"potentialAction":[{"@type":"SearchAction","target":{"@type":"EntryPoint","urlTemplate":"https:\/\/focolares.es\/?s={search_term_string}"},"query-input":{"@type":"PropertyValueSpecification","valueRequired":true,"valueName":"search_term_string"}}],"inLanguage":"gl-ES"},{"@type":"Organization","@id":"https:\/\/focolares.es\/#organization","name":"Movemento dos Focolares","url":"https:\/\/focolares.es\/","logo":{"@type":"ImageObject","inLanguage":"gl-ES","@id":"https:\/\/focolares.es\/#\/schema\/logo\/image\/","url":"https:\/\/focolares.es\/wp-content\/uploads\/2024\/03\/Logo_focolares-1024x944-1.jpg","contentUrl":"https:\/\/focolares.es\/wp-content\/uploads\/2024\/03\/Logo_focolares-1024x944-1.jpg","width":1024,"height":944,"caption":"Movimiento de los Focolares"},"image":{"@id":"https:\/\/focolares.es\/#\/schema\/logo\/image\/"}},{"@type":"Person","@id":"https:\/\/focolares.es\/#\/schema\/person\/fdbf1cac3e3957f836bf607a31e7616d","name":"administrador","image":{"@type":"ImageObject","inLanguage":"gl-ES","@id":"https:\/\/focolares.es\/wp-content\/litespeed\/avatar\/ba00c276ce0fa7863cda4038d70907a8.jpg?ver=1777380135","url":"https:\/\/focolares.es\/wp-content\/litespeed\/avatar\/ba00c276ce0fa7863cda4038d70907a8.jpg?ver=1777380135","contentUrl":"https:\/\/focolares.es\/wp-content\/litespeed\/avatar\/ba00c276ce0fa7863cda4038d70907a8.jpg?ver=1777380135","caption":"admin"},"sameAs":["https:\/\/focolares.es"],"url":"https:\/\/focolares.es\/gl\/author\/afesersl_mcjhk9wv\/"}]}},"views":30,"_links":{"self":[{"href":"https:\/\/focolares.es\/gl\/wp-json\/wp\/v2\/posts\/5163","targetHints":{"allow":["GET"]}}],"collection":[{"href":"https:\/\/focolares.es\/gl\/wp-json\/wp\/v2\/posts"}],"about":[{"href":"https:\/\/focolares.es\/gl\/wp-json\/wp\/v2\/types\/post"}],"author":[{"embeddable":true,"href":"https:\/\/focolares.es\/gl\/wp-json\/wp\/v2\/users\/1"}],"replies":[{"embeddable":true,"href":"https:\/\/focolares.es\/gl\/wp-json\/wp\/v2\/comments?post=5163"}],"version-history":[{"count":8,"href":"https:\/\/focolares.es\/gl\/wp-json\/wp\/v2\/posts\/5163\/revisions"}],"predecessor-version":[{"id":5898,"href":"https:\/\/focolares.es\/gl\/wp-json\/wp\/v2\/posts\/5163\/revisions\/5898"}],"wp:featuredmedia":[{"embeddable":true,"href":"https:\/\/focolares.es\/gl\/wp-json\/wp\/v2\/media\/5747"}],"wp:attachment":[{"href":"https:\/\/focolares.es\/gl\/wp-json\/wp\/v2\/media?parent=5163"}],"wp:term":[{"taxonomy":"category","embeddable":true,"href":"https:\/\/focolares.es\/gl\/wp-json\/wp\/v2\/categories?post=5163"},{"taxonomy":"post_tag","embeddable":true,"href":"https:\/\/focolares.es\/gl\/wp-json\/wp\/v2\/tags?post=5163"}],"curies":[{"name":"wp","href":"https:\/\/api.w.org\/{rel}","templated":true}]}}