{"id":5925,"date":"2023-01-27T13:00:00","date_gmt":"2023-01-27T12:00:00","guid":{"rendered":"https:\/\/focolares.es\/?p=5925"},"modified":"2024-03-19T13:08:18","modified_gmt":"2024-03-19T12:08:18","slug":"colleita-de-feixons-beneficos-2023","status":"publish","type":"post","link":"https:\/\/focolares.es\/gl\/alubiada-benefica-2023\/","title":{"rendered":"Charity Bean Festival 2023"},"content":{"rendered":"<figure class=\"wp-block-image size-full is-resized\"><img fetchpriority=\"high\" decoding=\"async\" width=\"1024\" height=\"724\" src=\"https:\/\/focolares.es\/wp-content\/uploads\/2024\/03\/2023_Alubiada.png\" alt=\"\" class=\"wp-image-5931\" style=\"width:839px;height:auto\" srcset=\"https:\/\/focolares.es\/wp-content\/uploads\/2024\/03\/2023_Alubiada.png 1024w, https:\/\/focolares.es\/wp-content\/uploads\/2024\/03\/2023_Alubiada-300x212.png 300w, https:\/\/focolares.es\/wp-content\/uploads\/2024\/03\/2023_Alubiada-768x543.png 768w\" sizes=\"(max-width: 1024px) 100vw, 1024px\" \/><\/figure>\n\n\n\n<p>Despois de dous anos comendo xud\u00edas na casa e conectando na rede, esta vez est\u00e1n de volta na Bas\u00edlica de Bego\u00f1a. Ser\u00e1 o 18 de febreiro \u00e1s 14.00 horas.<\/p>\n\n\n\n<p>Podes participar e contribu\u00edr competindo coas t\u00faas fabas preparadas ou degustando as diferentes receitas presentadas.<\/p>\n\n\n\n<p>O proxecto apoiado nesta ocasi\u00f3n polo&nbsp;<a href=\"https:\/\/www.focolare.org\/espana\/files\/2023\/01\/2023_Alubiada.pdf\"><em>Festa da faba ben\u00e9fica<\/em><\/a>&nbsp;est\u00e1 situado en Burundi:&nbsp;<a href=\"https:\/\/www.amu-it.eu\/progetti-int\/el-agua-fuente-de-vida-y-desarrollo-en-ruyigi\/?lang=es\" target=\"_blank\" rel=\"noreferrer noopener\"><em>Auga, fonte de vida.<\/em><\/a>&nbsp;Actualmente est\u00e1 parado por falta de fondos. A celebraci\u00f3n do&nbsp;<em>Guiso de fabas<\/em>&nbsp;Pode ser unha boa oportunidade para activalo.<\/p>\n\n\n\n<p>M\u00e1is informaci\u00f3n e inscrici\u00f3ns no&nbsp;<a href=\"https:\/\/www.focolare.org\/espana\/files\/2023\/01\/2023_Alubiada.pdf\">invitaci\u00f3n<\/a>, el&nbsp;<a href=\"https:\/\/docs.google.com\/forms\/d\/e\/1FAIpQLSdsbr0mhR8MHPAcvrWSdN7H2pQ_doTvjkhtWUOs7vR7RNDMTw\/viewform\" target=\"_blank\" rel=\"noreferrer noopener\">formulario habilitado<\/a>&nbsp;e no&nbsp;<a href=\"mailto:alubiadabenefica@gmail.com\">correo electr\u00f3nico<\/a>.<\/p>\n\n\n\n<p>Os que non poden participar sempre poden colaborar a trav\u00e9s do&nbsp;<em><a href=\"https:\/\/fundaciongiordani.org\/\">Fundaci\u00f3n Igino Giordani<\/a><\/em>:<\/p>\n\n\n\n<p>N\u00famero de conta: ES65 2100 5615 7902 0005 6937 \u2013 C<strong>Concepto: Alubiada 2023<\/strong><\/p>\n\n\n\n<p>Organizado por:&nbsp;<em>Movemento dos Focolares<\/em>&nbsp;e&nbsp;<a href=\"http:\/\/fundaciongiordani.org\/\" target=\"_blank\" rel=\"noreferrer noopener\"><em>Fundaci\u00f3n Igino Giordani<\/em><\/a>. Colaboradores:&nbsp;<em>Adega Murillo Viteri<\/em>,&nbsp;<em>Parroquia da Bas\u00edlica de Bego\u00f1a<\/em>&nbsp;e&nbsp;<em>Club de Xubilados de Bego\u00f1a.<\/em><\/p>","protected":false},"excerpt":{"rendered":"<p>Despois de dous anos comendo fabas na casa e conect\u00e1ndose en li\u00f1a, esta vez o evento volve \u00e1 Bas\u00edlica de Bego\u00f1a. O evento ter\u00e1 lugar o 18 de febreiro \u00e1s 14:00 h. Podes participar e contribu\u00edr competindo con fabas preparadas ou probando as diferentes receitas presentadas. O proxecto que apoia o Festival Ben\u00e9fico da Faba esta vez est\u00e1 situado en Burundi: Auga, Fonte de Vida. Actualmente est\u00e1 en suspenso por falta de fondos. A celebraci\u00f3n do Festival Ben\u00e9fico da Faba poder\u00eda ser unha boa oportunidade para activalo. Podes atopar m\u00e1is informaci\u00f3n e inscrici\u00f3n na invitaci\u00f3n, no formulario proporcionado e por correo electr\u00f3nico. As persoas que non poidan participar sempre poden contribu\u00edr a trav\u00e9s da Fundaci\u00f3n Igino Giordani: N\u00famero de conta: ES65 2100 5615 7902 0005 6937 \u2013 Concepto: Festival da Faba 2023. Organizadores: Movemento dos Focolares e Fundaci\u00f3n Igino Giordani. Colaboradores: Adega Murillo Viteri, Parroquia da Bas\u00edlica de Bego\u00f1a e Club de Xubilados de Bego\u00f1a.<\/p>","protected":false},"author":1,"featured_media":5931,"comment_status":"open","ping_status":"closed","sticky":false,"template":"","format":"standard","meta":{"_price":"","_stock":"","_tribe_ticket_header":"","_tribe_default_ticket_provider":"","_tribe_ticket_capacity":"0","_ticket_start_date":"","_ticket_end_date":"","_tribe_ticket_show_description":"","_tribe_ticket_show_not_going":false,"_tribe_ticket_use_global_stock":"","_tribe_ticket_global_stock_level":"","_global_stock_mode":"","_global_stock_cap":"","_tribe_rsvp_for_event":"","_tribe_ticket_going_count":"","_tribe_ticket_not_going_count":"","_tribe_tickets_list":"[]","_tribe_ticket_has_attendee_info_fields":false,"footnotes":""},"categories":[1],"tags":[],"class_list":["post-5925","post","type-post","status-publish","format-standard","has-post-thumbnail","hentry","category-uncategorized"],"yoast_head":"<!-- This site is optimized with the Yoast SEO plugin v27.2 - https:\/\/yoast.com\/product\/yoast-seo-wordpress\/ -->\n<title>Alubiada Ben\u00e9fica 2023 - Movimiento de los Focolares<\/title>\n<meta name=\"robots\" content=\"index, follow, max-snippet:-1, max-image-preview:large, max-video-preview:-1\" \/>\n<link rel=\"canonical\" href=\"https:\/\/focolares.es\/gl\/colleita-de-feixons-beneficos-2023\/\" \/>\n<meta property=\"og:locale\" content=\"gl_ES\" \/>\n<meta property=\"og:type\" content=\"article\" \/>\n<meta property=\"og:title\" content=\"Alubiada Ben\u00e9fica 2023 - Movimiento de los Focolares\" \/>\n<meta property=\"og:description\" content=\"Tras dos a\u00f1os en los que las alubias las com\u00eda cada uno en casa y realizaban una conexi\u00f3n por internet, en esta ocasi\u00f3n, de vuelve a los locales de la Bas\u00edlica de Bego\u00f1a. Ser\u00e1 el 18 de febrero a las 14 h. Se puede participar y colaborar tanto concursando con las alubias preparadas como degustando las distintas recetas presentadas. El proyecto que apoya en esta ocasi\u00f3n la&nbsp;Alubiada Ben\u00e9fica&nbsp;se encuentra en Burundi:&nbsp;Agua, fuente de vida.&nbsp;Actualmente est\u00e1 parado por falta de fondos. La celebraci\u00f3n de la&nbsp;Alubiada&nbsp;puede ser una buena ocasi\u00f3n para activarlo. M\u00e1s informaci\u00f3n e inscripciones en la&nbsp;invitaci\u00f3n, el&nbsp;formulario habilitado&nbsp;y en el&nbsp;correo electr\u00f3nico. Quien no pueda participar, siempre puede colaborar a trav\u00e9s de la&nbsp;Fundaci\u00f3n Igino Giordani: N\u00famero de cuenta: ES65 2100 5615 7902 0005 6937 \u2013 Concepto: Alubiada 2023 Organizan:&nbsp;Movimiento de los Focolares&nbsp;y&nbsp;Fundaci\u00f3n Igino Giordani. Colaboran:&nbsp;Bodega Murillo Viteri,&nbsp;Parroquia de la Bas\u00edlica de Bego\u00f1a&nbsp;y&nbsp;Club de Jubilados de Bego\u00f1a.\" \/>\n<meta property=\"og:url\" content=\"https:\/\/focolares.es\/gl\/colleita-de-feixons-beneficos-2023\/\" \/>\n<meta property=\"og:site_name\" content=\"Movimiento de los Focolares\" \/>\n<meta property=\"article:published_time\" content=\"2023-01-27T12:00:00+00:00\" \/>\n<meta property=\"article:modified_time\" content=\"2024-03-19T12:08:18+00:00\" \/>\n<meta property=\"og:image\" content=\"https:\/\/focolares.es\/wp-content\/uploads\/2024\/03\/2023_Alubiada.png\" \/>\n\t<meta property=\"og:image:width\" content=\"1024\" \/>\n\t<meta property=\"og:image:height\" content=\"724\" \/>\n\t<meta property=\"og:image:type\" content=\"image\/png\" \/>\n<meta name=\"author\" content=\"admin\" \/>\n<meta name=\"twitter:card\" content=\"summary_large_image\" \/>\n<meta name=\"twitter:label1\" content=\"Escrito por\" \/>\n\t<meta name=\"twitter:data1\" content=\"admin\" \/>\n\t<meta name=\"twitter:label2\" content=\"Tempo de lectura\" \/>\n\t<meta name=\"twitter:data2\" content=\"2 minutos\" \/>\n<script type=\"application\/ld+json\" class=\"yoast-schema-graph\">{\"@context\":\"https:\/\/schema.org\",\"@graph\":[{\"@type\":\"Article\",\"@id\":\"https:\/\/focolares.es\/alubiada-benefica-2023\/#article\",\"isPartOf\":{\"@id\":\"https:\/\/focolares.es\/alubiada-benefica-2023\/\"},\"author\":{\"name\":\"admin\",\"@id\":\"https:\/\/focolares.es\/#\/schema\/person\/fdbf1cac3e3957f836bf607a31e7616d\"},\"headline\":\"Alubiada Ben\u00e9fica 2023\",\"datePublished\":\"2023-01-27T12:00:00+00:00\",\"dateModified\":\"2024-03-19T12:08:18+00:00\",\"mainEntityOfPage\":{\"@id\":\"https:\/\/focolares.es\/alubiada-benefica-2023\/\"},\"wordCount\":196,\"commentCount\":0,\"publisher\":{\"@id\":\"https:\/\/focolares.es\/#organization\"},\"image\":{\"@id\":\"https:\/\/focolares.es\/alubiada-benefica-2023\/#primaryimage\"},\"thumbnailUrl\":\"https:\/\/focolares.es\/wp-content\/uploads\/2024\/03\/2023_Alubiada.png\",\"articleSection\":[\"Uncategorized\"],\"inLanguage\":\"gl-ES\",\"potentialAction\":[{\"@type\":\"CommentAction\",\"name\":\"Comment\",\"target\":[\"https:\/\/focolares.es\/alubiada-benefica-2023\/#respond\"]}]},{\"@type\":\"WebPage\",\"@id\":\"https:\/\/focolares.es\/alubiada-benefica-2023\/\",\"url\":\"https:\/\/focolares.es\/alubiada-benefica-2023\/\",\"name\":\"Alubiada Ben\u00e9fica 2023 - Movimiento de los Focolares\",\"isPartOf\":{\"@id\":\"https:\/\/focolares.es\/#website\"},\"primaryImageOfPage\":{\"@id\":\"https:\/\/focolares.es\/alubiada-benefica-2023\/#primaryimage\"},\"image\":{\"@id\":\"https:\/\/focolares.es\/alubiada-benefica-2023\/#primaryimage\"},\"thumbnailUrl\":\"https:\/\/focolares.es\/wp-content\/uploads\/2024\/03\/2023_Alubiada.png\",\"datePublished\":\"2023-01-27T12:00:00+00:00\",\"dateModified\":\"2024-03-19T12:08:18+00:00\",\"breadcrumb\":{\"@id\":\"https:\/\/focolares.es\/alubiada-benefica-2023\/#breadcrumb\"},\"inLanguage\":\"gl-ES\",\"potentialAction\":[{\"@type\":\"ReadAction\",\"target\":[\"https:\/\/focolares.es\/alubiada-benefica-2023\/\"]}]},{\"@type\":\"ImageObject\",\"inLanguage\":\"gl-ES\",\"@id\":\"https:\/\/focolares.es\/alubiada-benefica-2023\/#primaryimage\",\"url\":\"https:\/\/focolares.es\/wp-content\/uploads\/2024\/03\/2023_Alubiada.png\",\"contentUrl\":\"https:\/\/focolares.es\/wp-content\/uploads\/2024\/03\/2023_Alubiada.png\",\"width\":1024,\"height\":724},{\"@type\":\"BreadcrumbList\",\"@id\":\"https:\/\/focolares.es\/alubiada-benefica-2023\/#breadcrumb\",\"itemListElement\":[{\"@type\":\"ListItem\",\"position\":1,\"name\":\"Portada\",\"item\":\"https:\/\/focolares.es\/\"},{\"@type\":\"ListItem\",\"position\":2,\"name\":\"Alubiada Ben\u00e9fica 2023\"}]},{\"@type\":\"WebSite\",\"@id\":\"https:\/\/focolares.es\/#website\",\"url\":\"https:\/\/focolares.es\/\",\"name\":\"Movimiento de los Focolares\",\"description\":\"\",\"publisher\":{\"@id\":\"https:\/\/focolares.es\/#organization\"},\"potentialAction\":[{\"@type\":\"SearchAction\",\"target\":{\"@type\":\"EntryPoint\",\"urlTemplate\":\"https:\/\/focolares.es\/?s={search_term_string}\"},\"query-input\":{\"@type\":\"PropertyValueSpecification\",\"valueRequired\":true,\"valueName\":\"search_term_string\"}}],\"inLanguage\":\"gl-ES\"},{\"@type\":\"Organization\",\"@id\":\"https:\/\/focolares.es\/#organization\",\"name\":\"Movimiento de los Focolares\",\"url\":\"https:\/\/focolares.es\/\",\"logo\":{\"@type\":\"ImageObject\",\"inLanguage\":\"gl-ES\",\"@id\":\"https:\/\/focolares.es\/#\/schema\/logo\/image\/\",\"url\":\"https:\/\/focolares.es\/wp-content\/uploads\/2024\/03\/Logo_focolares-1024x944-1.jpg\",\"contentUrl\":\"https:\/\/focolares.es\/wp-content\/uploads\/2024\/03\/Logo_focolares-1024x944-1.jpg\",\"width\":1024,\"height\":944,\"caption\":\"Movimiento de los Focolares\"},\"image\":{\"@id\":\"https:\/\/focolares.es\/#\/schema\/logo\/image\/\"}},{\"@type\":\"Person\",\"@id\":\"https:\/\/focolares.es\/#\/schema\/person\/fdbf1cac3e3957f836bf607a31e7616d\",\"name\":\"admin\",\"image\":{\"@type\":\"ImageObject\",\"inLanguage\":\"gl-ES\",\"@id\":\"https:\/\/focolares.es\/wp-content\/litespeed\/avatar\/ba00c276ce0fa7863cda4038d70907a8.jpg?ver=1777380135\",\"url\":\"https:\/\/focolares.es\/wp-content\/litespeed\/avatar\/ba00c276ce0fa7863cda4038d70907a8.jpg?ver=1777380135\",\"contentUrl\":\"https:\/\/focolares.es\/wp-content\/litespeed\/avatar\/ba00c276ce0fa7863cda4038d70907a8.jpg?ver=1777380135\",\"caption\":\"admin\"},\"sameAs\":[\"https:\/\/focolares.es\"],\"url\":\"https:\/\/focolares.es\/gl\/author\/afesersl_mcjhk9wv\/\"}]}<\/script>\n<!-- \/ Yoast SEO plugin. -->","yoast_head_json":{"title":"Charity Bean Festival 2023 - Movemento dos Focolares","robots":{"index":"index","follow":"follow","max-snippet":"max-snippet:-1","max-image-preview":"max-image-preview:large","max-video-preview":"max-video-preview:-1"},"canonical":"https:\/\/focolares.es\/gl\/colleita-de-feixons-beneficos-2023\/","og_locale":"gl_ES","og_type":"article","og_title":"Alubiada Ben\u00e9fica 2023 - Movimiento de los Focolares","og_description":"Tras dos a\u00f1os en los que las alubias las com\u00eda cada uno en casa y realizaban una conexi\u00f3n por internet, en esta ocasi\u00f3n, de vuelve a los locales de la Bas\u00edlica de Bego\u00f1a. Ser\u00e1 el 18 de febrero a las 14 h. Se puede participar y colaborar tanto concursando con las alubias preparadas como degustando las distintas recetas presentadas. El proyecto que apoya en esta ocasi\u00f3n la&nbsp;Alubiada Ben\u00e9fica&nbsp;se encuentra en Burundi:&nbsp;Agua, fuente de vida.&nbsp;Actualmente est\u00e1 parado por falta de fondos. La celebraci\u00f3n de la&nbsp;Alubiada&nbsp;puede ser una buena ocasi\u00f3n para activarlo. M\u00e1s informaci\u00f3n e inscripciones en la&nbsp;invitaci\u00f3n, el&nbsp;formulario habilitado&nbsp;y en el&nbsp;correo electr\u00f3nico. Quien no pueda participar, siempre puede colaborar a trav\u00e9s de la&nbsp;Fundaci\u00f3n Igino Giordani: N\u00famero de cuenta: ES65 2100 5615 7902 0005 6937 \u2013 Concepto: Alubiada 2023 Organizan:&nbsp;Movimiento de los Focolares&nbsp;y&nbsp;Fundaci\u00f3n Igino Giordani. Colaboran:&nbsp;Bodega Murillo Viteri,&nbsp;Parroquia de la Bas\u00edlica de Bego\u00f1a&nbsp;y&nbsp;Club de Jubilados de Bego\u00f1a.","og_url":"https:\/\/focolares.es\/gl\/colleita-de-feixons-beneficos-2023\/","og_site_name":"Movimiento de los Focolares","article_published_time":"2023-01-27T12:00:00+00:00","article_modified_time":"2024-03-19T12:08:18+00:00","og_image":[{"width":1024,"height":724,"url":"https:\/\/focolares.es\/wp-content\/uploads\/2024\/03\/2023_Alubiada.png","type":"image\/png"}],"author":"admin","twitter_card":"summary_large_image","twitter_misc":{"Escrito por":"admin","Tempo de lectura":"2 minutos"},"schema":{"@context":"https:\/\/schema.org","@graph":[{"@type":"Article","@id":"https:\/\/focolares.es\/alubiada-benefica-2023\/#article","isPartOf":{"@id":"https:\/\/focolares.es\/alubiada-benefica-2023\/"},"author":{"name":"admin","@id":"https:\/\/focolares.es\/#\/schema\/person\/fdbf1cac3e3957f836bf607a31e7616d"},"headline":"Alubiada Ben\u00e9fica 2023","datePublished":"2023-01-27T12:00:00+00:00","dateModified":"2024-03-19T12:08:18+00:00","mainEntityOfPage":{"@id":"https:\/\/focolares.es\/alubiada-benefica-2023\/"},"wordCount":196,"commentCount":0,"publisher":{"@id":"https:\/\/focolares.es\/#organization"},"image":{"@id":"https:\/\/focolares.es\/alubiada-benefica-2023\/#primaryimage"},"thumbnailUrl":"https:\/\/focolares.es\/wp-content\/uploads\/2024\/03\/2023_Alubiada.png","articleSection":["Uncategorized"],"inLanguage":"gl-ES","potentialAction":[{"@type":"CommentAction","name":"Comment","target":["https:\/\/focolares.es\/alubiada-benefica-2023\/#respond"]}]},{"@type":"WebPage","@id":"https:\/\/focolares.es\/alubiada-benefica-2023\/","url":"https:\/\/focolares.es\/alubiada-benefica-2023\/","name":"Charity Bean Festival 2023 - Movemento dos Focolares","isPartOf":{"@id":"https:\/\/focolares.es\/#website"},"primaryImageOfPage":{"@id":"https:\/\/focolares.es\/alubiada-benefica-2023\/#primaryimage"},"image":{"@id":"https:\/\/focolares.es\/alubiada-benefica-2023\/#primaryimage"},"thumbnailUrl":"https:\/\/focolares.es\/wp-content\/uploads\/2024\/03\/2023_Alubiada.png","datePublished":"2023-01-27T12:00:00+00:00","dateModified":"2024-03-19T12:08:18+00:00","breadcrumb":{"@id":"https:\/\/focolares.es\/alubiada-benefica-2023\/#breadcrumb"},"inLanguage":"gl-ES","potentialAction":[{"@type":"ReadAction","target":["https:\/\/focolares.es\/alubiada-benefica-2023\/"]}]},{"@type":"ImageObject","inLanguage":"gl-ES","@id":"https:\/\/focolares.es\/alubiada-benefica-2023\/#primaryimage","url":"https:\/\/focolares.es\/wp-content\/uploads\/2024\/03\/2023_Alubiada.png","contentUrl":"https:\/\/focolares.es\/wp-content\/uploads\/2024\/03\/2023_Alubiada.png","width":1024,"height":724},{"@type":"BreadcrumbList","@id":"https:\/\/focolares.es\/alubiada-benefica-2023\/#breadcrumb","itemListElement":[{"@type":"ListItem","position":1,"name":"Portada","item":"https:\/\/focolares.es\/"},{"@type":"ListItem","position":2,"name":"Alubiada Ben\u00e9fica 2023"}]},{"@type":"WebSite","@id":"https:\/\/focolares.es\/#website","url":"https:\/\/focolares.es\/","name":"Movemento dos Focolares","description":"","publisher":{"@id":"https:\/\/focolares.es\/#organization"},"potentialAction":[{"@type":"SearchAction","target":{"@type":"EntryPoint","urlTemplate":"https:\/\/focolares.es\/?s={search_term_string}"},"query-input":{"@type":"PropertyValueSpecification","valueRequired":true,"valueName":"search_term_string"}}],"inLanguage":"gl-ES"},{"@type":"Organization","@id":"https:\/\/focolares.es\/#organization","name":"Movemento dos Focolares","url":"https:\/\/focolares.es\/","logo":{"@type":"ImageObject","inLanguage":"gl-ES","@id":"https:\/\/focolares.es\/#\/schema\/logo\/image\/","url":"https:\/\/focolares.es\/wp-content\/uploads\/2024\/03\/Logo_focolares-1024x944-1.jpg","contentUrl":"https:\/\/focolares.es\/wp-content\/uploads\/2024\/03\/Logo_focolares-1024x944-1.jpg","width":1024,"height":944,"caption":"Movimiento de los Focolares"},"image":{"@id":"https:\/\/focolares.es\/#\/schema\/logo\/image\/"}},{"@type":"Person","@id":"https:\/\/focolares.es\/#\/schema\/person\/fdbf1cac3e3957f836bf607a31e7616d","name":"administrador","image":{"@type":"ImageObject","inLanguage":"gl-ES","@id":"https:\/\/focolares.es\/wp-content\/litespeed\/avatar\/ba00c276ce0fa7863cda4038d70907a8.jpg?ver=1777380135","url":"https:\/\/focolares.es\/wp-content\/litespeed\/avatar\/ba00c276ce0fa7863cda4038d70907a8.jpg?ver=1777380135","contentUrl":"https:\/\/focolares.es\/wp-content\/litespeed\/avatar\/ba00c276ce0fa7863cda4038d70907a8.jpg?ver=1777380135","caption":"admin"},"sameAs":["https:\/\/focolares.es"],"url":"https:\/\/focolares.es\/gl\/author\/afesersl_mcjhk9wv\/"}]}},"views":24,"_links":{"self":[{"href":"https:\/\/focolares.es\/gl\/wp-json\/wp\/v2\/posts\/5925","targetHints":{"allow":["GET"]}}],"collection":[{"href":"https:\/\/focolares.es\/gl\/wp-json\/wp\/v2\/posts"}],"about":[{"href":"https:\/\/focolares.es\/gl\/wp-json\/wp\/v2\/types\/post"}],"author":[{"embeddable":true,"href":"https:\/\/focolares.es\/gl\/wp-json\/wp\/v2\/users\/1"}],"replies":[{"embeddable":true,"href":"https:\/\/focolares.es\/gl\/wp-json\/wp\/v2\/comments?post=5925"}],"version-history":[{"count":4,"href":"https:\/\/focolares.es\/gl\/wp-json\/wp\/v2\/posts\/5925\/revisions"}],"predecessor-version":[{"id":5935,"href":"https:\/\/focolares.es\/gl\/wp-json\/wp\/v2\/posts\/5925\/revisions\/5935"}],"wp:featuredmedia":[{"embeddable":true,"href":"https:\/\/focolares.es\/gl\/wp-json\/wp\/v2\/media\/5931"}],"wp:attachment":[{"href":"https:\/\/focolares.es\/gl\/wp-json\/wp\/v2\/media?parent=5925"}],"wp:term":[{"taxonomy":"category","embeddable":true,"href":"https:\/\/focolares.es\/gl\/wp-json\/wp\/v2\/categories?post=5925"},{"taxonomy":"post_tag","embeddable":true,"href":"https:\/\/focolares.es\/gl\/wp-json\/wp\/v2\/tags?post=5925"}],"curies":[{"name":"wp","href":"https:\/\/api.w.org\/{rel}","templated":true}]}}