{"id":5962,"date":"2023-01-02T17:21:00","date_gmt":"2023-01-02T16:21:00","guid":{"rendered":"https:\/\/focolares.es\/?p=5962"},"modified":"2024-03-19T17:28:54","modified_gmt":"2024-03-19T16:28:54","slug":"a-ultima-palabra-na-historia-do-mundo-sera-a-comunon","status":"publish","type":"post","link":"https:\/\/focolares.es\/gl\/la-ultima-palabra-de-la-historia-del-mundo-sera-la-comunion\/","title":{"rendered":"&quot;A \u00faltima palabra na historia do mundo ser\u00e1 a comu\u00f1\u00f3n&quot;."},"content":{"rendered":"\n<figure class=\"wp-block-image alignright size-full is-resized\"><img fetchpriority=\"high\" decoding=\"async\" width=\"560\" height=\"1024\" src=\"https:\/\/focolares.es\/wp-content\/uploads\/2024\/03\/BXVI.jpg\" alt=\"\" class=\"wp-image-5963\" style=\"width:330px;height:auto\" srcset=\"https:\/\/focolares.es\/wp-content\/uploads\/2024\/03\/BXVI.jpg 560w, https:\/\/focolares.es\/wp-content\/uploads\/2024\/03\/BXVI-164x300.jpg 164w\" sizes=\"(max-width: 560px) 100vw, 560px\" \/><\/figure>\n\n\n\n<p>\u00abEstima, reconocimiento y gran conmoci\u00f3n llenan mi coraz\u00f3n ahora mientras expreso mi m\u00e1s profunda gratitud por la obra y la vida del\u00a0<strong>Papa Benedicto XVI<\/strong>, en mi nombre y en el del Movimiento que \u00e9l sigui\u00f3 y acompa\u00f1\u00f3 con cercan\u00eda y amor. Con toda la Iglesia nos unimos en torno al\u00a0<strong>Papa Francisco<\/strong>\u00a0al devolverlo a Dios, seguros de que ya ha sido recibido en la gloria del Cielo; y lo har\u00e9 personalmente, el 5 de enero pr\u00f3ximo participando en el funeral de la Plaza de San Pedro.<\/p>\n\n\n\n<p>Tuve el don de acoger al Papa Benedicto, en mayo de 2009, en Jerusal\u00e9n, participando en varias etapas de su peregrinaci\u00f3n a Tierra Santa. Dos momentos me impactaron especialmente: sus palabras en el Santo Sepulcro: \u201cLa paz aqu\u00ed es posible\u201d, \u201cla Tumba Vac\u00eda \u2500continu\u00f3\u2500 nos habla de esperanza, esa que no defrauda, porque es don del Esp\u00edritu de la vida\u201d. Para m\u00ed fue tambi\u00e9n muy fuerte la participaci\u00f3n en una misa privada en la Delegaci\u00f3n Apost\u00f3lica de Jerusal\u00e9n, celebrada precisamente por el Papa Benedicto XVI. Capt\u00e9 su ternura paternal y la grandeza de su caridad que se expresaba con un gesto de reconocimiento por todo lo que el Movimiento de los Focolares hab\u00eda hecho para preparar su visita.<\/p>\n\n\n\n<p>En 1989, cuando todav\u00eda era Prefecto de la&nbsp;<em>Congregaci\u00f3n para la Doctrina de la Fe<\/em>, el cardenal Joseph Ratzinger fue invitado por Chiara Lubich para un di\u00e1logo con las focolarinas, reunidas en sus ejercicios espirituales anuales, en los que yo tambi\u00e9n estaba participando. Respondi\u00f3 a preguntas muy variadas y en un momento determinado pronunci\u00f3 palabras que no he olvidado. Sobre el futuro de la Iglesia y de la humanidad dijo: \u201cLa \u00faltima palabra de la historia del mundo ser\u00e1 la comuni\u00f3n, ser\u00e1 llegar a ser comuni\u00f3n, no solo entre nosotros sino que, incorporados en el amor trinitario, convertirse en comuni\u00f3n universal, donde Dios es todo en todos\u201d<a href=\"https:\/\/www.focolare.org\/espana\/es\/news\/2023\/01\/02\/la-ultima-palabra-de-la-historia-del-mundo-sera-la-comunion\/#_ftn1\">[1]<\/a>.<\/p>\n\n\n\n<p>Hoy, en el momento en que el amad\u00edsimo Papa Benedicto XVI ha vuelto a la casa del Padre, esta expresi\u00f3n suya resuena en m\u00ed casi como un testamento espiritual. Son palabras de una actualidad extraordinaria, que hoy arrojan luz y esperanza sobre una humanidad afligida por conflictos de los que no vemos el final.<\/p>\n\n\n\n<p>Nos hemos nutrido de su pensamiento tan iluminado, el de un gran te\u00f3logo que, a\u00fan muy joven, particip\u00f3 en el&nbsp;<em>Concilio Vaticano II<\/em>, transmitiendo y presentando a lo largo de los a\u00f1os la novedad de una Iglesia-comuni\u00f3n, hecha de conocimiento de la Palabra y de caridad traducida en pr\u00e1ctica. Al d\u00eda siguiente de su elecci\u00f3n como Pont\u00edfice, Chiara Lubich se expres\u00f3 as\u00ed:<em>&nbsp;\u201cPor el conocimiento directo que tengo de \u00e9l, teniendo dones especiales para captar la luz del Esp\u00edritu, no dejar\u00e1 de sorprender y superar cualquier expectativa\u201d<a href=\"https:\/\/www.focolare.org\/espana\/es\/news\/2023\/01\/02\/la-ultima-palabra-de-la-historia-del-mundo-sera-la-comunion\/#_ftn2\"><strong>[2]<\/strong><\/a>.<\/em><\/p>\n\n\n\n<p>No olvidaremos el papel clave que desempe\u00f1\u00f3 en 1998, cuando el&nbsp;<em>Papa Juan Pablo II<\/em>, con motivo de la fiesta de Pentecost\u00e9s, convoc\u00f3 en la plaza de San Pedro a los movimientos eclesiales y a las nuevas comunidades. En esa ocasi\u00f3n, el cardenal Ratzinger dio una lecci\u00f3n magistral titulada:&nbsp;<em>Los movimientos eclesiales y su colocaci\u00f3n teol\u00f3gica<\/em>, en la que deline\u00f3 el perfil de los movimientos y de las nuevas comunidades y la relaci\u00f3n imprescindible con la Iglesia. Algunos pasajes de su intervenci\u00f3n siguen siendo, para m\u00ed y para el Movimiento, de gran luz para poder ser instrumentos de comuni\u00f3n en la Iglesia y brazos de Cristo para la humanidad:<\/p>\n\n\n\n<p><em>\u201cEs muy evidente que el Esp\u00edritu Santo est\u00e1 tambi\u00e9n hoy actuando en la Iglesia y le concede nuevos dones&nbsp;<\/em>\u2500dijo<em>&nbsp;entonces<\/em>\u2500<em>&nbsp;gracias a los cuales ella revive la alegr\u00eda de su juventud (cf. Sal 42, 4). Agradecimiento a tantas personas, j\u00f3venes y ancianas, que se adhieren a la llamada del Esp\u00edritu y, sin mirar ni alrededor ni hacia atr\u00e1s, se lanzan gozosamente al servicio del Evangelio. Agradecimiento a los obispos que se abren a los nuevos caminos, les hacen sitio en sus respectivas Iglesias, debaten pacientemente con sus responsables para ayudarlos a superar cualquier unilateralidad y para conducirlos a la justa conformaci\u00f3n\u201d<a><\/a><a href=\"https:\/\/www.focolare.org\/espana\/es\/news\/2023\/01\/02\/la-ultima-palabra-de-la-historia-del-mundo-sera-la-comunion\/#_ftn3\"><strong>[3]<\/strong><\/a><\/em><em>.<\/em><\/p>\n\n\n\n<p>Junto a toda la Iglesia, doy gracias a Dios por el don que el Papa Benedicto XVI ha sido para nuestro tiempo y rezo para que sepamos captar y traducir en vida la profundidad de su pensamiento teol\u00f3gico, la fidelidad al Evangelio y la valent\u00eda de un testimonio de vida capaz de conducir a la Iglesia por los senderos de la verdad, de la fraternidad y de la paz\u00bb.<\/p>\n\n\n\n<p><em>Margaret Karram.&nbsp;<\/em><em>Presidenta&nbsp;<\/em>del&nbsp;<em>Movimiento de los Focolares.<\/em><\/p>\n\n\n\n<hr class=\"wp-block-separator has-alpha-channel-opacity\"\/>\n\n\n\n<p><a href=\"https:\/\/www.focolare.org\/espana\/es\/news\/2023\/01\/02\/la-ultima-palabra-de-la-historia-del-mundo-sera-la-comunion\/#_ftnref1\">[1]<\/a>&nbsp;Visita del Card. Joseph Ratzinger al encuentro de las focolarinas, respuestas a las preguntas. Castel Gandolfo, 8 de diciembre de 1989. Archivo Chiara Lubich en Archivo General del Movimiento de los Focolares.<\/p>\n\n\n\n<p><a href=\"https:\/\/www.focolare.org\/espana\/es\/news\/2023\/01\/02\/la-ultima-palabra-de-la-historia-del-mundo-sera-la-comunion\/#_ftnref2\">[2]<\/a>&nbsp;Declaraci\u00f3n de Chiara Lubich en: Comunicado de Prensa Movimiento de los Focolares, 20 de abril de 2005<\/p>\n\n\n\n<p><a href=\"https:\/\/www.focolare.org\/espana\/es\/news\/2023\/01\/02\/la-ultima-palabra-de-la-historia-del-mundo-sera-la-comunion\/#_ftnref3\">[3]<\/a>&nbsp;I movimenti nella Chiesa. Atti del Congresso mondiale dei movimenti ecclesiali, Roma, 27-29 maggio 1998, Coll. Laici oggi 2, Libreria Editrice Vaticana, Citt\u00e0 del Vaticano 1999<\/p>\n","protected":false},"excerpt":{"rendered":"<p>\u00abEstima, reconocimiento y gran conmoci\u00f3n llenan mi coraz\u00f3n ahora mientras expreso mi m\u00e1s profunda gratitud por la obra y la vida del\u00a0Papa Benedicto XVI, en mi nombre y en el del Movimiento que \u00e9l sigui\u00f3 y acompa\u00f1\u00f3 con cercan\u00eda y amor. Con toda la Iglesia nos unimos en torno al\u00a0Papa Francisco\u00a0al devolverlo a Dios, seguros de que ya ha sido recibido en la gloria del Cielo; y lo har\u00e9 personalmente, el 5 de enero pr\u00f3ximo participando en el funeral de la Plaza de San Pedro. Tuve el don de acoger al Papa Benedicto, en mayo de 2009, en Jerusal\u00e9n, participando en varias etapas de su peregrinaci\u00f3n a Tierra Santa. Dos momentos me impactaron especialmente: sus palabras en el Santo Sepulcro: \u201cLa paz aqu\u00ed es posible\u201d, \u201cla Tumba Vac\u00eda \u2500continu\u00f3\u2500 nos habla de esperanza, esa que no defrauda, porque es don del Esp\u00edritu de la vida\u201d. Para m\u00ed fue tambi\u00e9n muy fuerte la participaci\u00f3n en una misa privada en la Delegaci\u00f3n Apost\u00f3lica de Jerusal\u00e9n, celebrada precisamente por el Papa Benedicto XVI. Capt\u00e9 su ternura paternal y la grandeza de su caridad que se expresaba con un gesto de reconocimiento por todo lo que el Movimiento de los Focolares hab\u00eda hecho para preparar su visita. En 1989, cuando todav\u00eda era Prefecto de la&nbsp;Congregaci\u00f3n para la Doctrina de la Fe, el cardenal Joseph Ratzinger fue invitado por Chiara Lubich para un di\u00e1logo con las focolarinas, reunidas en sus ejercicios espirituales anuales, en los que yo tambi\u00e9n estaba participando. Respondi\u00f3 a preguntas muy variadas y en un momento determinado pronunci\u00f3 palabras que no he olvidado. Sobre el futuro de la Iglesia y de la humanidad dijo: \u201cLa \u00faltima palabra de la historia del mundo ser\u00e1 la comuni\u00f3n, ser\u00e1 llegar a ser comuni\u00f3n, no solo entre nosotros sino que, incorporados en el amor trinitario, convertirse en comuni\u00f3n universal, donde Dios es todo en todos\u201d[1]. Hoy, en el momento en que el amad\u00edsimo Papa Benedicto XVI ha vuelto a la casa del Padre, esta expresi\u00f3n suya resuena en m\u00ed casi como un testamento espiritual. Son palabras de una actualidad extraordinaria, que hoy arrojan luz y esperanza sobre una humanidad afligida por conflictos de los que no vemos el final. Nos hemos nutrido de su pensamiento tan iluminado, el de un gran te\u00f3logo que, a\u00fan muy joven, particip\u00f3 en el&nbsp;Concilio Vaticano II, transmitiendo y presentando a lo largo de los a\u00f1os la novedad de una Iglesia-comuni\u00f3n, hecha de conocimiento de la Palabra y de caridad traducida en pr\u00e1ctica. Al d\u00eda siguiente de su elecci\u00f3n como Pont\u00edfice, Chiara Lubich se expres\u00f3 as\u00ed:&nbsp;\u201cPor el conocimiento directo que tengo de \u00e9l, teniendo dones especiales para captar la luz del Esp\u00edritu, no dejar\u00e1 de sorprender y superar cualquier expectativa\u201d[2]. No olvidaremos el papel clave que desempe\u00f1\u00f3 en 1998, cuando el&nbsp;Papa Juan Pablo II, con motivo de la fiesta de Pentecost\u00e9s, convoc\u00f3 en la plaza de San Pedro a los movimientos eclesiales y a las nuevas comunidades. En esa ocasi\u00f3n, el cardenal Ratzinger dio una lecci\u00f3n magistral titulada:&nbsp;Los movimientos eclesiales y su colocaci\u00f3n teol\u00f3gica, en la que deline\u00f3 el perfil de los movimientos y de las nuevas comunidades y la relaci\u00f3n imprescindible con la Iglesia. Algunos pasajes de su intervenci\u00f3n siguen siendo, para m\u00ed y para el Movimiento, de gran luz para poder ser instrumentos de comuni\u00f3n en la Iglesia y brazos de Cristo para la humanidad: \u201cEs muy evidente que el Esp\u00edritu Santo est\u00e1 tambi\u00e9n hoy actuando en la Iglesia y le concede nuevos dones&nbsp;\u2500dijo&nbsp;entonces\u2500&nbsp;gracias a los cuales ella revive la alegr\u00eda de su juventud (cf. Sal 42, 4). Agradecimiento a tantas personas, j\u00f3venes y ancianas, que se adhieren a la llamada del Esp\u00edritu y, sin mirar ni alrededor ni hacia atr\u00e1s, se lanzan gozosamente al servicio del Evangelio. Agradecimiento a los obispos que se abren a los nuevos caminos, les hacen sitio en sus respectivas Iglesias, debaten pacientemente con sus responsables para ayudarlos a superar cualquier unilateralidad y para conducirlos a la justa conformaci\u00f3n\u201d[3]. Junto a toda la Iglesia, doy gracias a Dios por el don que el Papa Benedicto XVI ha sido para nuestro tiempo y rezo para que sepamos captar y traducir en vida la profundidad de su pensamiento teol\u00f3gico, la fidelidad al Evangelio y la valent\u00eda de un testimonio de vida capaz de conducir a la Iglesia por los senderos de la verdad, de la fraternidad y de la paz\u00bb. Margaret Karram.&nbsp;Presidenta&nbsp;del&nbsp;Movimiento de los Focolares. [1]&nbsp;Visita del Card. Joseph Ratzinger al encuentro de las focolarinas, respuestas a las preguntas. Castel Gandolfo, 8 de diciembre de 1989. Archivo Chiara Lubich en Archivo General del Movimiento de los Focolares. [2]&nbsp;Declaraci\u00f3n de Chiara Lubich en: Comunicado de Prensa Movimiento de los Focolares, 20 de abril de 2005 [3]&nbsp;I movimenti nella Chiesa. Atti del Congresso mondiale dei movimenti ecclesiali, Roma, 27-29 maggio 1998, Coll. Laici oggi 2, Libreria Editrice Vaticana, Citt\u00e0 del Vaticano 1999<\/p>\n","protected":false},"author":1,"featured_media":5964,"comment_status":"open","ping_status":"closed","sticky":false,"template":"","format":"standard","meta":{"_price":"","_stock":"","_tribe_ticket_header":"","_tribe_default_ticket_provider":"","_tribe_ticket_capacity":"0","_ticket_start_date":"","_ticket_end_date":"","_tribe_ticket_show_description":"","_tribe_ticket_show_not_going":false,"_tribe_ticket_use_global_stock":"","_tribe_ticket_global_stock_level":"","_global_stock_mode":"","_global_stock_cap":"","_tribe_rsvp_for_event":"","_tribe_ticket_going_count":"","_tribe_ticket_not_going_count":"","_tribe_tickets_list":"[]","_tribe_ticket_has_attendee_info_fields":false,"footnotes":""},"categories":[1],"tags":[],"class_list":["post-5962","post","type-post","status-publish","format-standard","has-post-thumbnail","hentry","category-uncategorized"],"yoast_head":"<!-- This site is optimized with the Yoast SEO plugin v27.2 - https:\/\/yoast.com\/product\/yoast-seo-wordpress\/ -->\n<title>\u201cLa \u00faltima palabra de la historia del mundo ser\u00e1 la comuni\u00f3n\u201d - Movimiento de los Focolares<\/title>\n<meta name=\"robots\" content=\"index, follow, max-snippet:-1, max-image-preview:large, max-video-preview:-1\" \/>\n<link rel=\"canonical\" href=\"https:\/\/focolares.es\/gl\/a-ultima-palabra-na-historia-do-mundo-sera-a-comunon\/\" \/>\n<meta property=\"og:locale\" content=\"gl_ES\" \/>\n<meta property=\"og:type\" content=\"article\" \/>\n<meta property=\"og:title\" content=\"\u201cLa \u00faltima palabra de la historia del mundo ser\u00e1 la comuni\u00f3n\u201d - Movimiento de los Focolares\" \/>\n<meta property=\"og:description\" content=\"\u00abEstima, reconocimiento y gran conmoci\u00f3n llenan mi coraz\u00f3n ahora mientras expreso mi m\u00e1s profunda gratitud por la obra y la vida del\u00a0Papa Benedicto XVI, en mi nombre y en el del Movimiento que \u00e9l sigui\u00f3 y acompa\u00f1\u00f3 con cercan\u00eda y amor. Con toda la Iglesia nos unimos en torno al\u00a0Papa Francisco\u00a0al devolverlo a Dios, seguros de que ya ha sido recibido en la gloria del Cielo; y lo har\u00e9 personalmente, el 5 de enero pr\u00f3ximo participando en el funeral de la Plaza de San Pedro. Tuve el don de acoger al Papa Benedicto, en mayo de 2009, en Jerusal\u00e9n, participando en varias etapas de su peregrinaci\u00f3n a Tierra Santa. Dos momentos me impactaron especialmente: sus palabras en el Santo Sepulcro: \u201cLa paz aqu\u00ed es posible\u201d, \u201cla Tumba Vac\u00eda \u2500continu\u00f3\u2500 nos habla de esperanza, esa que no defrauda, porque es don del Esp\u00edritu de la vida\u201d. Para m\u00ed fue tambi\u00e9n muy fuerte la participaci\u00f3n en una misa privada en la Delegaci\u00f3n Apost\u00f3lica de Jerusal\u00e9n, celebrada precisamente por el Papa Benedicto XVI. Capt\u00e9 su ternura paternal y la grandeza de su caridad que se expresaba con un gesto de reconocimiento por todo lo que el Movimiento de los Focolares hab\u00eda hecho para preparar su visita. En 1989, cuando todav\u00eda era Prefecto de la&nbsp;Congregaci\u00f3n para la Doctrina de la Fe, el cardenal Joseph Ratzinger fue invitado por Chiara Lubich para un di\u00e1logo con las focolarinas, reunidas en sus ejercicios espirituales anuales, en los que yo tambi\u00e9n estaba participando. Respondi\u00f3 a preguntas muy variadas y en un momento determinado pronunci\u00f3 palabras que no he olvidado. Sobre el futuro de la Iglesia y de la humanidad dijo: \u201cLa \u00faltima palabra de la historia del mundo ser\u00e1 la comuni\u00f3n, ser\u00e1 llegar a ser comuni\u00f3n, no solo entre nosotros sino que, incorporados en el amor trinitario, convertirse en comuni\u00f3n universal, donde Dios es todo en todos\u201d[1]. Hoy, en el momento en que el amad\u00edsimo Papa Benedicto XVI ha vuelto a la casa del Padre, esta expresi\u00f3n suya resuena en m\u00ed casi como un testamento espiritual. Son palabras de una actualidad extraordinaria, que hoy arrojan luz y esperanza sobre una humanidad afligida por conflictos de los que no vemos el final. Nos hemos nutrido de su pensamiento tan iluminado, el de un gran te\u00f3logo que, a\u00fan muy joven, particip\u00f3 en el&nbsp;Concilio Vaticano II, transmitiendo y presentando a lo largo de los a\u00f1os la novedad de una Iglesia-comuni\u00f3n, hecha de conocimiento de la Palabra y de caridad traducida en pr\u00e1ctica. Al d\u00eda siguiente de su elecci\u00f3n como Pont\u00edfice, Chiara Lubich se expres\u00f3 as\u00ed:&nbsp;\u201cPor el conocimiento directo que tengo de \u00e9l, teniendo dones especiales para captar la luz del Esp\u00edritu, no dejar\u00e1 de sorprender y superar cualquier expectativa\u201d[2]. No olvidaremos el papel clave que desempe\u00f1\u00f3 en 1998, cuando el&nbsp;Papa Juan Pablo II, con motivo de la fiesta de Pentecost\u00e9s, convoc\u00f3 en la plaza de San Pedro a los movimientos eclesiales y a las nuevas comunidades. En esa ocasi\u00f3n, el cardenal Ratzinger dio una lecci\u00f3n magistral titulada:&nbsp;Los movimientos eclesiales y su colocaci\u00f3n teol\u00f3gica, en la que deline\u00f3 el perfil de los movimientos y de las nuevas comunidades y la relaci\u00f3n imprescindible con la Iglesia. Algunos pasajes de su intervenci\u00f3n siguen siendo, para m\u00ed y para el Movimiento, de gran luz para poder ser instrumentos de comuni\u00f3n en la Iglesia y brazos de Cristo para la humanidad: \u201cEs muy evidente que el Esp\u00edritu Santo est\u00e1 tambi\u00e9n hoy actuando en la Iglesia y le concede nuevos dones&nbsp;\u2500dijo&nbsp;entonces\u2500&nbsp;gracias a los cuales ella revive la alegr\u00eda de su juventud (cf. Sal 42, 4). Agradecimiento a tantas personas, j\u00f3venes y ancianas, que se adhieren a la llamada del Esp\u00edritu y, sin mirar ni alrededor ni hacia atr\u00e1s, se lanzan gozosamente al servicio del Evangelio. Agradecimiento a los obispos que se abren a los nuevos caminos, les hacen sitio en sus respectivas Iglesias, debaten pacientemente con sus responsables para ayudarlos a superar cualquier unilateralidad y para conducirlos a la justa conformaci\u00f3n\u201d[3]. Junto a toda la Iglesia, doy gracias a Dios por el don que el Papa Benedicto XVI ha sido para nuestro tiempo y rezo para que sepamos captar y traducir en vida la profundidad de su pensamiento teol\u00f3gico, la fidelidad al Evangelio y la valent\u00eda de un testimonio de vida capaz de conducir a la Iglesia por los senderos de la verdad, de la fraternidad y de la paz\u00bb. Margaret Karram.&nbsp;Presidenta&nbsp;del&nbsp;Movimiento de los Focolares. [1]&nbsp;Visita del Card. Joseph Ratzinger al encuentro de las focolarinas, respuestas a las preguntas. Castel Gandolfo, 8 de diciembre de 1989. Archivo Chiara Lubich en Archivo General del Movimiento de los Focolares. [2]&nbsp;Declaraci\u00f3n de Chiara Lubich en: Comunicado de Prensa Movimiento de los Focolares, 20 de abril de 2005 [3]&nbsp;I movimenti nella Chiesa. Atti del Congresso mondiale dei movimenti ecclesiali, Roma, 27-29 maggio 1998, Coll. Laici oggi 2, Libreria Editrice Vaticana, Citt\u00e0 del Vaticano 1999\" \/>\n<meta property=\"og:url\" content=\"https:\/\/focolares.es\/gl\/a-ultima-palabra-na-historia-do-mundo-sera-a-comunon\/\" \/>\n<meta property=\"og:site_name\" content=\"Movimiento de los Focolares\" \/>\n<meta property=\"article:published_time\" content=\"2023-01-02T16:21:00+00:00\" \/>\n<meta property=\"article:modified_time\" content=\"2024-03-19T16:28:54+00:00\" \/>\n<meta property=\"og:image\" content=\"https:\/\/focolares.es\/wp-content\/uploads\/2024\/03\/Margaret.jpg\" \/>\n\t<meta property=\"og:image:width\" content=\"1024\" \/>\n\t<meta property=\"og:image:height\" content=\"551\" \/>\n\t<meta property=\"og:image:type\" content=\"image\/jpeg\" \/>\n<meta name=\"author\" content=\"admin\" \/>\n<meta name=\"twitter:card\" content=\"summary_large_image\" \/>\n<meta name=\"twitter:label1\" content=\"Escrito por\" \/>\n\t<meta name=\"twitter:data1\" content=\"admin\" \/>\n\t<meta name=\"twitter:label2\" content=\"Tempo de lectura\" \/>\n\t<meta name=\"twitter:data2\" content=\"5 minutos\" \/>\n<script type=\"application\/ld+json\" class=\"yoast-schema-graph\">{\"@context\":\"https:\/\/schema.org\",\"@graph\":[{\"@type\":\"Article\",\"@id\":\"https:\/\/focolares.es\/la-ultima-palabra-de-la-historia-del-mundo-sera-la-comunion\/#article\",\"isPartOf\":{\"@id\":\"https:\/\/focolares.es\/la-ultima-palabra-de-la-historia-del-mundo-sera-la-comunion\/\"},\"author\":{\"name\":\"admin\",\"@id\":\"https:\/\/focolares.es\/#\/schema\/person\/fdbf1cac3e3957f836bf607a31e7616d\"},\"headline\":\"\u201cLa \u00faltima palabra de la historia del mundo ser\u00e1 la comuni\u00f3n\u201d\",\"datePublished\":\"2023-01-02T16:21:00+00:00\",\"dateModified\":\"2024-03-19T16:28:54+00:00\",\"mainEntityOfPage\":{\"@id\":\"https:\/\/focolares.es\/la-ultima-palabra-de-la-historia-del-mundo-sera-la-comunion\/\"},\"wordCount\":881,\"commentCount\":0,\"publisher\":{\"@id\":\"https:\/\/focolares.es\/#organization\"},\"image\":{\"@id\":\"https:\/\/focolares.es\/la-ultima-palabra-de-la-historia-del-mundo-sera-la-comunion\/#primaryimage\"},\"thumbnailUrl\":\"https:\/\/focolares.es\/wp-content\/uploads\/2024\/03\/Margaret.jpg\",\"articleSection\":[\"Uncategorized\"],\"inLanguage\":\"gl-ES\",\"potentialAction\":[{\"@type\":\"CommentAction\",\"name\":\"Comment\",\"target\":[\"https:\/\/focolares.es\/la-ultima-palabra-de-la-historia-del-mundo-sera-la-comunion\/#respond\"]}]},{\"@type\":\"WebPage\",\"@id\":\"https:\/\/focolares.es\/la-ultima-palabra-de-la-historia-del-mundo-sera-la-comunion\/\",\"url\":\"https:\/\/focolares.es\/la-ultima-palabra-de-la-historia-del-mundo-sera-la-comunion\/\",\"name\":\"\u201cLa \u00faltima palabra de la historia del mundo ser\u00e1 la comuni\u00f3n\u201d - Movimiento de los Focolares\",\"isPartOf\":{\"@id\":\"https:\/\/focolares.es\/#website\"},\"primaryImageOfPage\":{\"@id\":\"https:\/\/focolares.es\/la-ultima-palabra-de-la-historia-del-mundo-sera-la-comunion\/#primaryimage\"},\"image\":{\"@id\":\"https:\/\/focolares.es\/la-ultima-palabra-de-la-historia-del-mundo-sera-la-comunion\/#primaryimage\"},\"thumbnailUrl\":\"https:\/\/focolares.es\/wp-content\/uploads\/2024\/03\/Margaret.jpg\",\"datePublished\":\"2023-01-02T16:21:00+00:00\",\"dateModified\":\"2024-03-19T16:28:54+00:00\",\"breadcrumb\":{\"@id\":\"https:\/\/focolares.es\/la-ultima-palabra-de-la-historia-del-mundo-sera-la-comunion\/#breadcrumb\"},\"inLanguage\":\"gl-ES\",\"potentialAction\":[{\"@type\":\"ReadAction\",\"target\":[\"https:\/\/focolares.es\/la-ultima-palabra-de-la-historia-del-mundo-sera-la-comunion\/\"]}]},{\"@type\":\"ImageObject\",\"inLanguage\":\"gl-ES\",\"@id\":\"https:\/\/focolares.es\/la-ultima-palabra-de-la-historia-del-mundo-sera-la-comunion\/#primaryimage\",\"url\":\"https:\/\/focolares.es\/wp-content\/uploads\/2024\/03\/Margaret.jpg\",\"contentUrl\":\"https:\/\/focolares.es\/wp-content\/uploads\/2024\/03\/Margaret.jpg\",\"width\":1024,\"height\":551},{\"@type\":\"BreadcrumbList\",\"@id\":\"https:\/\/focolares.es\/la-ultima-palabra-de-la-historia-del-mundo-sera-la-comunion\/#breadcrumb\",\"itemListElement\":[{\"@type\":\"ListItem\",\"position\":1,\"name\":\"Portada\",\"item\":\"https:\/\/focolares.es\/\"},{\"@type\":\"ListItem\",\"position\":2,\"name\":\"\u201cLa \u00faltima palabra de la historia del mundo ser\u00e1 la comuni\u00f3n\u201d\"}]},{\"@type\":\"WebSite\",\"@id\":\"https:\/\/focolares.es\/#website\",\"url\":\"https:\/\/focolares.es\/\",\"name\":\"Movimiento de los Focolares\",\"description\":\"\",\"publisher\":{\"@id\":\"https:\/\/focolares.es\/#organization\"},\"potentialAction\":[{\"@type\":\"SearchAction\",\"target\":{\"@type\":\"EntryPoint\",\"urlTemplate\":\"https:\/\/focolares.es\/?s={search_term_string}\"},\"query-input\":{\"@type\":\"PropertyValueSpecification\",\"valueRequired\":true,\"valueName\":\"search_term_string\"}}],\"inLanguage\":\"gl-ES\"},{\"@type\":\"Organization\",\"@id\":\"https:\/\/focolares.es\/#organization\",\"name\":\"Movimiento de los Focolares\",\"url\":\"https:\/\/focolares.es\/\",\"logo\":{\"@type\":\"ImageObject\",\"inLanguage\":\"gl-ES\",\"@id\":\"https:\/\/focolares.es\/#\/schema\/logo\/image\/\",\"url\":\"https:\/\/focolares.es\/wp-content\/uploads\/2024\/03\/Logo_focolares-1024x944-1.jpg\",\"contentUrl\":\"https:\/\/focolares.es\/wp-content\/uploads\/2024\/03\/Logo_focolares-1024x944-1.jpg\",\"width\":1024,\"height\":944,\"caption\":\"Movimiento de los Focolares\"},\"image\":{\"@id\":\"https:\/\/focolares.es\/#\/schema\/logo\/image\/\"}},{\"@type\":\"Person\",\"@id\":\"https:\/\/focolares.es\/#\/schema\/person\/fdbf1cac3e3957f836bf607a31e7616d\",\"name\":\"admin\",\"image\":{\"@type\":\"ImageObject\",\"inLanguage\":\"gl-ES\",\"@id\":\"https:\/\/focolares.es\/wp-content\/litespeed\/avatar\/ba00c276ce0fa7863cda4038d70907a8.jpg?ver=1777380135\",\"url\":\"https:\/\/focolares.es\/wp-content\/litespeed\/avatar\/ba00c276ce0fa7863cda4038d70907a8.jpg?ver=1777380135\",\"contentUrl\":\"https:\/\/focolares.es\/wp-content\/litespeed\/avatar\/ba00c276ce0fa7863cda4038d70907a8.jpg?ver=1777380135\",\"caption\":\"admin\"},\"sameAs\":[\"https:\/\/focolares.es\"],\"url\":\"https:\/\/focolares.es\/gl\/author\/afesersl_mcjhk9wv\/\"}]}<\/script>\n<!-- \/ Yoast SEO plugin. -->","yoast_head_json":{"title":"&quot;A \u00faltima palabra da historia do mundo ser\u00e1 a comu\u00f1\u00f3n&quot; - Movemento dos Focolares","robots":{"index":"index","follow":"follow","max-snippet":"max-snippet:-1","max-image-preview":"max-image-preview:large","max-video-preview":"max-video-preview:-1"},"canonical":"https:\/\/focolares.es\/gl\/a-ultima-palabra-na-historia-do-mundo-sera-a-comunon\/","og_locale":"gl_ES","og_type":"article","og_title":"\u201cLa \u00faltima palabra de la historia del mundo ser\u00e1 la comuni\u00f3n\u201d - Movimiento de los Focolares","og_description":"\u00abEstima, reconocimiento y gran conmoci\u00f3n llenan mi coraz\u00f3n ahora mientras expreso mi m\u00e1s profunda gratitud por la obra y la vida del\u00a0Papa Benedicto XVI, en mi nombre y en el del Movimiento que \u00e9l sigui\u00f3 y acompa\u00f1\u00f3 con cercan\u00eda y amor. Con toda la Iglesia nos unimos en torno al\u00a0Papa Francisco\u00a0al devolverlo a Dios, seguros de que ya ha sido recibido en la gloria del Cielo; y lo har\u00e9 personalmente, el 5 de enero pr\u00f3ximo participando en el funeral de la Plaza de San Pedro. Tuve el don de acoger al Papa Benedicto, en mayo de 2009, en Jerusal\u00e9n, participando en varias etapas de su peregrinaci\u00f3n a Tierra Santa. Dos momentos me impactaron especialmente: sus palabras en el Santo Sepulcro: \u201cLa paz aqu\u00ed es posible\u201d, \u201cla Tumba Vac\u00eda \u2500continu\u00f3\u2500 nos habla de esperanza, esa que no defrauda, porque es don del Esp\u00edritu de la vida\u201d. Para m\u00ed fue tambi\u00e9n muy fuerte la participaci\u00f3n en una misa privada en la Delegaci\u00f3n Apost\u00f3lica de Jerusal\u00e9n, celebrada precisamente por el Papa Benedicto XVI. Capt\u00e9 su ternura paternal y la grandeza de su caridad que se expresaba con un gesto de reconocimiento por todo lo que el Movimiento de los Focolares hab\u00eda hecho para preparar su visita. En 1989, cuando todav\u00eda era Prefecto de la&nbsp;Congregaci\u00f3n para la Doctrina de la Fe, el cardenal Joseph Ratzinger fue invitado por Chiara Lubich para un di\u00e1logo con las focolarinas, reunidas en sus ejercicios espirituales anuales, en los que yo tambi\u00e9n estaba participando. Respondi\u00f3 a preguntas muy variadas y en un momento determinado pronunci\u00f3 palabras que no he olvidado. Sobre el futuro de la Iglesia y de la humanidad dijo: \u201cLa \u00faltima palabra de la historia del mundo ser\u00e1 la comuni\u00f3n, ser\u00e1 llegar a ser comuni\u00f3n, no solo entre nosotros sino que, incorporados en el amor trinitario, convertirse en comuni\u00f3n universal, donde Dios es todo en todos\u201d[1]. Hoy, en el momento en que el amad\u00edsimo Papa Benedicto XVI ha vuelto a la casa del Padre, esta expresi\u00f3n suya resuena en m\u00ed casi como un testamento espiritual. Son palabras de una actualidad extraordinaria, que hoy arrojan luz y esperanza sobre una humanidad afligida por conflictos de los que no vemos el final. Nos hemos nutrido de su pensamiento tan iluminado, el de un gran te\u00f3logo que, a\u00fan muy joven, particip\u00f3 en el&nbsp;Concilio Vaticano II, transmitiendo y presentando a lo largo de los a\u00f1os la novedad de una Iglesia-comuni\u00f3n, hecha de conocimiento de la Palabra y de caridad traducida en pr\u00e1ctica. Al d\u00eda siguiente de su elecci\u00f3n como Pont\u00edfice, Chiara Lubich se expres\u00f3 as\u00ed:&nbsp;\u201cPor el conocimiento directo que tengo de \u00e9l, teniendo dones especiales para captar la luz del Esp\u00edritu, no dejar\u00e1 de sorprender y superar cualquier expectativa\u201d[2]. No olvidaremos el papel clave que desempe\u00f1\u00f3 en 1998, cuando el&nbsp;Papa Juan Pablo II, con motivo de la fiesta de Pentecost\u00e9s, convoc\u00f3 en la plaza de San Pedro a los movimientos eclesiales y a las nuevas comunidades. En esa ocasi\u00f3n, el cardenal Ratzinger dio una lecci\u00f3n magistral titulada:&nbsp;Los movimientos eclesiales y su colocaci\u00f3n teol\u00f3gica, en la que deline\u00f3 el perfil de los movimientos y de las nuevas comunidades y la relaci\u00f3n imprescindible con la Iglesia. Algunos pasajes de su intervenci\u00f3n siguen siendo, para m\u00ed y para el Movimiento, de gran luz para poder ser instrumentos de comuni\u00f3n en la Iglesia y brazos de Cristo para la humanidad: \u201cEs muy evidente que el Esp\u00edritu Santo est\u00e1 tambi\u00e9n hoy actuando en la Iglesia y le concede nuevos dones&nbsp;\u2500dijo&nbsp;entonces\u2500&nbsp;gracias a los cuales ella revive la alegr\u00eda de su juventud (cf. Sal 42, 4). Agradecimiento a tantas personas, j\u00f3venes y ancianas, que se adhieren a la llamada del Esp\u00edritu y, sin mirar ni alrededor ni hacia atr\u00e1s, se lanzan gozosamente al servicio del Evangelio. Agradecimiento a los obispos que se abren a los nuevos caminos, les hacen sitio en sus respectivas Iglesias, debaten pacientemente con sus responsables para ayudarlos a superar cualquier unilateralidad y para conducirlos a la justa conformaci\u00f3n\u201d[3]. Junto a toda la Iglesia, doy gracias a Dios por el don que el Papa Benedicto XVI ha sido para nuestro tiempo y rezo para que sepamos captar y traducir en vida la profundidad de su pensamiento teol\u00f3gico, la fidelidad al Evangelio y la valent\u00eda de un testimonio de vida capaz de conducir a la Iglesia por los senderos de la verdad, de la fraternidad y de la paz\u00bb. Margaret Karram.&nbsp;Presidenta&nbsp;del&nbsp;Movimiento de los Focolares. [1]&nbsp;Visita del Card. Joseph Ratzinger al encuentro de las focolarinas, respuestas a las preguntas. Castel Gandolfo, 8 de diciembre de 1989. Archivo Chiara Lubich en Archivo General del Movimiento de los Focolares. [2]&nbsp;Declaraci\u00f3n de Chiara Lubich en: Comunicado de Prensa Movimiento de los Focolares, 20 de abril de 2005 [3]&nbsp;I movimenti nella Chiesa. Atti del Congresso mondiale dei movimenti ecclesiali, Roma, 27-29 maggio 1998, Coll. Laici oggi 2, Libreria Editrice Vaticana, Citt\u00e0 del Vaticano 1999","og_url":"https:\/\/focolares.es\/gl\/a-ultima-palabra-na-historia-do-mundo-sera-a-comunon\/","og_site_name":"Movimiento de los Focolares","article_published_time":"2023-01-02T16:21:00+00:00","article_modified_time":"2024-03-19T16:28:54+00:00","og_image":[{"width":1024,"height":551,"url":"https:\/\/focolares.es\/wp-content\/uploads\/2024\/03\/Margaret.jpg","type":"image\/jpeg"}],"author":"admin","twitter_card":"summary_large_image","twitter_misc":{"Escrito por":"admin","Tempo de lectura":"5 minutos"},"schema":{"@context":"https:\/\/schema.org","@graph":[{"@type":"Article","@id":"https:\/\/focolares.es\/la-ultima-palabra-de-la-historia-del-mundo-sera-la-comunion\/#article","isPartOf":{"@id":"https:\/\/focolares.es\/la-ultima-palabra-de-la-historia-del-mundo-sera-la-comunion\/"},"author":{"name":"admin","@id":"https:\/\/focolares.es\/#\/schema\/person\/fdbf1cac3e3957f836bf607a31e7616d"},"headline":"\u201cLa \u00faltima palabra de la historia del mundo ser\u00e1 la comuni\u00f3n\u201d","datePublished":"2023-01-02T16:21:00+00:00","dateModified":"2024-03-19T16:28:54+00:00","mainEntityOfPage":{"@id":"https:\/\/focolares.es\/la-ultima-palabra-de-la-historia-del-mundo-sera-la-comunion\/"},"wordCount":881,"commentCount":0,"publisher":{"@id":"https:\/\/focolares.es\/#organization"},"image":{"@id":"https:\/\/focolares.es\/la-ultima-palabra-de-la-historia-del-mundo-sera-la-comunion\/#primaryimage"},"thumbnailUrl":"https:\/\/focolares.es\/wp-content\/uploads\/2024\/03\/Margaret.jpg","articleSection":["Uncategorized"],"inLanguage":"gl-ES","potentialAction":[{"@type":"CommentAction","name":"Comment","target":["https:\/\/focolares.es\/la-ultima-palabra-de-la-historia-del-mundo-sera-la-comunion\/#respond"]}]},{"@type":"WebPage","@id":"https:\/\/focolares.es\/la-ultima-palabra-de-la-historia-del-mundo-sera-la-comunion\/","url":"https:\/\/focolares.es\/la-ultima-palabra-de-la-historia-del-mundo-sera-la-comunion\/","name":"&quot;A \u00faltima palabra da historia do mundo ser\u00e1 a comu\u00f1\u00f3n&quot; - Movemento dos Focolares","isPartOf":{"@id":"https:\/\/focolares.es\/#website"},"primaryImageOfPage":{"@id":"https:\/\/focolares.es\/la-ultima-palabra-de-la-historia-del-mundo-sera-la-comunion\/#primaryimage"},"image":{"@id":"https:\/\/focolares.es\/la-ultima-palabra-de-la-historia-del-mundo-sera-la-comunion\/#primaryimage"},"thumbnailUrl":"https:\/\/focolares.es\/wp-content\/uploads\/2024\/03\/Margaret.jpg","datePublished":"2023-01-02T16:21:00+00:00","dateModified":"2024-03-19T16:28:54+00:00","breadcrumb":{"@id":"https:\/\/focolares.es\/la-ultima-palabra-de-la-historia-del-mundo-sera-la-comunion\/#breadcrumb"},"inLanguage":"gl-ES","potentialAction":[{"@type":"ReadAction","target":["https:\/\/focolares.es\/la-ultima-palabra-de-la-historia-del-mundo-sera-la-comunion\/"]}]},{"@type":"ImageObject","inLanguage":"gl-ES","@id":"https:\/\/focolares.es\/la-ultima-palabra-de-la-historia-del-mundo-sera-la-comunion\/#primaryimage","url":"https:\/\/focolares.es\/wp-content\/uploads\/2024\/03\/Margaret.jpg","contentUrl":"https:\/\/focolares.es\/wp-content\/uploads\/2024\/03\/Margaret.jpg","width":1024,"height":551},{"@type":"BreadcrumbList","@id":"https:\/\/focolares.es\/la-ultima-palabra-de-la-historia-del-mundo-sera-la-comunion\/#breadcrumb","itemListElement":[{"@type":"ListItem","position":1,"name":"Portada","item":"https:\/\/focolares.es\/"},{"@type":"ListItem","position":2,"name":"\u201cLa \u00faltima palabra de la historia del mundo ser\u00e1 la comuni\u00f3n\u201d"}]},{"@type":"WebSite","@id":"https:\/\/focolares.es\/#website","url":"https:\/\/focolares.es\/","name":"Movemento dos Focolares","description":"","publisher":{"@id":"https:\/\/focolares.es\/#organization"},"potentialAction":[{"@type":"SearchAction","target":{"@type":"EntryPoint","urlTemplate":"https:\/\/focolares.es\/?s={search_term_string}"},"query-input":{"@type":"PropertyValueSpecification","valueRequired":true,"valueName":"search_term_string"}}],"inLanguage":"gl-ES"},{"@type":"Organization","@id":"https:\/\/focolares.es\/#organization","name":"Movemento dos Focolares","url":"https:\/\/focolares.es\/","logo":{"@type":"ImageObject","inLanguage":"gl-ES","@id":"https:\/\/focolares.es\/#\/schema\/logo\/image\/","url":"https:\/\/focolares.es\/wp-content\/uploads\/2024\/03\/Logo_focolares-1024x944-1.jpg","contentUrl":"https:\/\/focolares.es\/wp-content\/uploads\/2024\/03\/Logo_focolares-1024x944-1.jpg","width":1024,"height":944,"caption":"Movimiento de los Focolares"},"image":{"@id":"https:\/\/focolares.es\/#\/schema\/logo\/image\/"}},{"@type":"Person","@id":"https:\/\/focolares.es\/#\/schema\/person\/fdbf1cac3e3957f836bf607a31e7616d","name":"administrador","image":{"@type":"ImageObject","inLanguage":"gl-ES","@id":"https:\/\/focolares.es\/wp-content\/litespeed\/avatar\/ba00c276ce0fa7863cda4038d70907a8.jpg?ver=1777380135","url":"https:\/\/focolares.es\/wp-content\/litespeed\/avatar\/ba00c276ce0fa7863cda4038d70907a8.jpg?ver=1777380135","contentUrl":"https:\/\/focolares.es\/wp-content\/litespeed\/avatar\/ba00c276ce0fa7863cda4038d70907a8.jpg?ver=1777380135","caption":"admin"},"sameAs":["https:\/\/focolares.es"],"url":"https:\/\/focolares.es\/gl\/author\/afesersl_mcjhk9wv\/"}]}},"views":34,"_links":{"self":[{"href":"https:\/\/focolares.es\/gl\/wp-json\/wp\/v2\/posts\/5962","targetHints":{"allow":["GET"]}}],"collection":[{"href":"https:\/\/focolares.es\/gl\/wp-json\/wp\/v2\/posts"}],"about":[{"href":"https:\/\/focolares.es\/gl\/wp-json\/wp\/v2\/types\/post"}],"author":[{"embeddable":true,"href":"https:\/\/focolares.es\/gl\/wp-json\/wp\/v2\/users\/1"}],"replies":[{"embeddable":true,"href":"https:\/\/focolares.es\/gl\/wp-json\/wp\/v2\/comments?post=5962"}],"version-history":[{"count":3,"href":"https:\/\/focolares.es\/gl\/wp-json\/wp\/v2\/posts\/5962\/revisions"}],"predecessor-version":[{"id":6067,"href":"https:\/\/focolares.es\/gl\/wp-json\/wp\/v2\/posts\/5962\/revisions\/6067"}],"wp:featuredmedia":[{"embeddable":true,"href":"https:\/\/focolares.es\/gl\/wp-json\/wp\/v2\/media\/5964"}],"wp:attachment":[{"href":"https:\/\/focolares.es\/gl\/wp-json\/wp\/v2\/media?parent=5962"}],"wp:term":[{"taxonomy":"category","embeddable":true,"href":"https:\/\/focolares.es\/gl\/wp-json\/wp\/v2\/categories?post=5962"},{"taxonomy":"post_tag","embeddable":true,"href":"https:\/\/focolares.es\/gl\/wp-json\/wp\/v2\/tags?post=5962"}],"curies":[{"name":"wp","href":"https:\/\/api.w.org\/{rel}","templated":true}]}}